{"id":6861,"date":"2025-10-01T15:48:00","date_gmt":"2025-10-01T15:48:00","guid":{"rendered":"https:\/\/www.abchukuk.com\/index.php\/2025\/10\/01\/alman-savcilar-berlinde-yahudilere-saldiri-planlamakla-suclanan-3-kisi-gozaltina-alindi\/"},"modified":"2025-10-01T15:48:00","modified_gmt":"2025-10-01T15:48:00","slug":"alman-savcilar-berlinde-yahudilere-saldiri-planlamakla-suclanan-3-kisi-gozaltina-alindi","status":"publish","type":"post","link":"https:\/\/www.abchukuk.com\/index.php\/2025\/10\/01\/alman-savcilar-berlinde-yahudilere-saldiri-planlamakla-suclanan-3-kisi-gozaltina-alindi\/","title":{"rendered":"Alman savc\u0131lar: Berlin\u2019de \u2018Yahudilere sald\u0131r\u0131 planlamakla su\u00e7lanan 3 ki\u015fi\u2019 g\u00f6zalt\u0131na al\u0131nd\u0131"},"content":{"rendered":"<p>\u0130kisi Alman vatanda\u015f\u0131 oldu\u011fu belirtilen \u00fc\u00e7 Hamas \u00fcyesinin Almanya\u2019n\u0131n ba\u015fkentinde g\u00f6zalt\u0131na al\u0131nd\u0131\u011f\u0131 a\u00e7\u0131kland\u0131.\u0130kisi Alman vatanda\u015f\u0131 oldu\u011fu belirtilen \u00fc\u00e7 Hamas \u00fcyesinin Almanya\u2019n\u0131n ba\u015fkentinde g\u00f6zalt\u0131na al\u0131nd\u0131\u011f\u0131 a\u00e7\u0131kland\u0131.\u00a0<a href=\"https:\/\/anlatilaninotesi.com.tr\/20251001\/alman-savcilar-berlinde-yahudilere-saldiri-planlamakla-suclanan-3-kisi-gozaltina-alindi-1099829855.html\" target=\"_blank\" class=\"feedzy-rss-link-icon\">Read More<\/a><\/p>","protected":false},"excerpt":{"rendered":"<p>\u0130kisi Alman vatanda\u015f\u0131 oldu\u011fu belirtilen \u00fc\u00e7 Hamas \u00fcyesinin Almanya\u2019n\u0131n ba\u015fkentinde g\u00f6zalt\u0131na al\u0131nd\u0131\u011f\u0131 a\u00e7\u0131kland\u0131.\u0130kisi Alman vatanda\u015f\u0131 oldu\u011fu belirtilen \u00fc\u00e7 Hamas \u00fcyesinin Almanya\u2019n\u0131n ba\u015fkentinde g\u00f6zalt\u0131na al\u0131nd\u0131\u011f\u0131 a\u00e7\u0131kland\u0131.\u00a0Read More<\/p>\n","protected":false},"author":1,"featured_media":0,"comment_status":"open","ping_status":"open","sticky":false,"template":"","format":"standard","meta":{"footnotes":"","_links_to":"","_links_to_target":""},"categories":[1],"tags":[],"class_list":["post-6861","post","type-post","status-publish","format-standard","hentry","category-haberler"],"_links":{"self":[{"href":"https:\/\/www.abchukuk.com\/index.php\/wp-json\/wp\/v2\/posts\/6861","targetHints":{"allow":["GET"]}}],"collection":[{"href":"https:\/\/www.abchukuk.com\/index.php\/wp-json\/wp\/v2\/posts"}],"about":[{"href":"https:\/\/www.abchukuk.com\/index.php\/wp-json\/wp\/v2\/types\/post"}],"author":[{"embeddable":true,"href":"https:\/\/www.abchukuk.com\/index.php\/wp-json\/wp\/v2\/users\/1"}],"replies":[{"embeddable":true,"href":"https:\/\/www.abchukuk.com\/index.php\/wp-json\/wp\/v2\/comments?post=6861"}],"version-history":[{"count":0,"href":"https:\/\/www.abchukuk.com\/index.php\/wp-json\/wp\/v2\/posts\/6861\/revisions"}],"wp:attachment":[{"href":"https:\/\/www.abchukuk.com\/index.php\/wp-json\/wp\/v2\/media?parent=6861"}],"wp:term":[{"taxonomy":"category","embeddable":true,"href":"https:\/\/www.abchukuk.com\/index.php\/wp-json\/wp\/v2\/categories?post=6861"},{"taxonomy":"post_tag","embeddable":true,"href":"https:\/\/www.abchukuk.com\/index.php\/wp-json\/wp\/v2\/tags?post=6861"}],"curies":[{"name":"wp","href":"https:\/\/api.w.org\/{rel}","templated":true}]}}