{"id":6855,"date":"2025-10-01T14:09:00","date_gmt":"2025-10-01T14:09:00","guid":{"rendered":"https:\/\/www.abchukuk.com\/index.php\/2025\/10\/01\/ayse-barim-durusmasini-izleyen-sezgin-tanrikulu-ihbarciya-dikkat-cekti-herkesin-kisi-ozgurlugu-hakkinin-nasil-tehlikede-oldugunu-gorduk\/"},"modified":"2025-10-01T14:09:00","modified_gmt":"2025-10-01T14:09:00","slug":"ayse-barim-durusmasini-izleyen-sezgin-tanrikulu-ihbarciya-dikkat-cekti-herkesin-kisi-ozgurlugu-hakkinin-nasil-tehlikede-oldugunu-gorduk","status":"publish","type":"post","link":"https:\/\/www.abchukuk.com\/index.php\/2025\/10\/01\/ayse-barim-durusmasini-izleyen-sezgin-tanrikulu-ihbarciya-dikkat-cekti-herkesin-kisi-ozgurlugu-hakkinin-nasil-tehlikede-oldugunu-gorduk\/","title":{"rendered":"Ay\u015fe Bar\u0131m duru\u015fmas\u0131n\u0131 izleyen Sezgin Tanr\u0131kulu ihbarc\u0131ya dikkat \u00e7ekti: &#8216;Herkesin ki\u015fi \u00f6zg\u00fcrl\u00fc\u011f\u00fc hakk\u0131n\u0131n nas\u0131l tehlikede oldu\u011funu g\u00f6rd\u00fck&#8217;"},"content":{"rendered":"<p>248 g\u00fcnd\u00fcr Silivri&#8217;de Marmara Cezaevi&#8217;nde bulunan menajer, ID ileti\u015fim sahibi Ay\u015fe Bar\u0131m&#8217;\u0131n tahliyesine karar verilen duru\u015fmay\u0131 izleyen CHP Diyarbak\u0131r Milletvekili Sezgin Tanr\u0131kulu, bug\u00fcn dinlenen ihbarc\u0131ya dikkat \u00e7ekti.248 g\u00fcnd\u00fcr Silivri&#8217;de Marmara Cezaevi&#8217;nde bulunan menajer, ID ileti\u015fim sahibi Ay\u015fe Bar\u0131m&#8217;\u0131n tahliyesine karar verilen duru\u015fmay\u0131 izleyen CHP Diyarbak\u0131r Milletvekili Sezgin Tanr\u0131kulu, bug\u00fcn dinlenen ihbarc\u0131ya dikkat \u00e7ekti.\u00a0<a href=\"https:\/\/www.cumhuriyet.com.tr\/siyaset\/ayse-barim-durusmasini-izleyen-sezgin-tanrikulu-ihbarciya-dikkat-cekti-herkesin-kisi-ozgurlugu-hakkinin-nasil-tehlikede-oldugunu-gorduk-2439890\" target=\"_blank\" class=\"feedzy-rss-link-icon\">Read More<\/a><\/p>","protected":false},"excerpt":{"rendered":"<p>248 g\u00fcnd\u00fcr Silivri&#8217;de Marmara Cezaevi&#8217;nde bulunan menajer, ID ileti\u015fim sahibi Ay\u015fe Bar\u0131m&#8217;\u0131n tahliyesine karar verilen duru\u015fmay\u0131 izleyen CHP Diyarbak\u0131r Milletvekili Sezgin Tanr\u0131kulu, bug\u00fcn dinlenen ihbarc\u0131ya dikkat \u00e7ekti.248 g\u00fcnd\u00fcr Silivri&#8217;de Marmara Cezaevi&#8217;nde bulunan menajer, ID ileti\u015fim sahibi Ay\u015fe Bar\u0131m&#8217;\u0131n tahliyesine karar verilen duru\u015fmay\u0131 izleyen CHP Diyarbak\u0131r Milletvekili Sezgin Tanr\u0131kulu, bug\u00fcn dinlenen ihbarc\u0131ya dikkat \u00e7ekti.\u00a0Read More<\/p>\n","protected":false},"author":1,"featured_media":6856,"comment_status":"open","ping_status":"open","sticky":false,"template":"","format":"standard","meta":{"footnotes":"","_links_to":"","_links_to_target":""},"categories":[1],"tags":[],"class_list":["post-6855","post","type-post","status-publish","format-standard","has-post-thumbnail","hentry","category-haberler"],"_links":{"self":[{"href":"https:\/\/www.abchukuk.com\/index.php\/wp-json\/wp\/v2\/posts\/6855","targetHints":{"allow":["GET"]}}],"collection":[{"href":"https:\/\/www.abchukuk.com\/index.php\/wp-json\/wp\/v2\/posts"}],"about":[{"href":"https:\/\/www.abchukuk.com\/index.php\/wp-json\/wp\/v2\/types\/post"}],"author":[{"embeddable":true,"href":"https:\/\/www.abchukuk.com\/index.php\/wp-json\/wp\/v2\/users\/1"}],"replies":[{"embeddable":true,"href":"https:\/\/www.abchukuk.com\/index.php\/wp-json\/wp\/v2\/comments?post=6855"}],"version-history":[{"count":0,"href":"https:\/\/www.abchukuk.com\/index.php\/wp-json\/wp\/v2\/posts\/6855\/revisions"}],"wp:featuredmedia":[{"embeddable":true,"href":"https:\/\/www.abchukuk.com\/index.php\/wp-json\/wp\/v2\/media\/6856"}],"wp:attachment":[{"href":"https:\/\/www.abchukuk.com\/index.php\/wp-json\/wp\/v2\/media?parent=6855"}],"wp:term":[{"taxonomy":"category","embeddable":true,"href":"https:\/\/www.abchukuk.com\/index.php\/wp-json\/wp\/v2\/categories?post=6855"},{"taxonomy":"post_tag","embeddable":true,"href":"https:\/\/www.abchukuk.com\/index.php\/wp-json\/wp\/v2\/tags?post=6855"}],"curies":[{"name":"wp","href":"https:\/\/api.w.org\/{rel}","templated":true}]}}