{"id":6848,"date":"2025-10-01T14:59:00","date_gmt":"2025-10-01T14:59:00","guid":{"rendered":"https:\/\/www.abchukuk.com\/index.php\/2025\/10\/01\/macrondan-rus-varliklari-hakkinda-yeni-aciklama-uluslararasi-hukuka-saygi-gosterilmeli\/"},"modified":"2025-10-01T14:59:00","modified_gmt":"2025-10-01T14:59:00","slug":"macrondan-rus-varliklari-hakkinda-yeni-aciklama-uluslararasi-hukuka-saygi-gosterilmeli","status":"publish","type":"post","link":"https:\/\/www.abchukuk.com\/index.php\/2025\/10\/01\/macrondan-rus-varliklari-hakkinda-yeni-aciklama-uluslararasi-hukuka-saygi-gosterilmeli\/","title":{"rendered":"Macron&#8217;dan Rus varl\u0131klar\u0131 hakk\u0131nda yeni a\u00e7\u0131klama: Uluslararas\u0131 hukuka sayg\u0131 g\u00f6sterilmeli"},"content":{"rendered":"<p>Fransa Cumhurba\u015fkan\u0131 Macron, Bel\u00e7ika Ba\u015fbakan\u0131 De Wever\u2019in Rus varl\u0131klar\u0131n\u0131n kullan\u0131m\u0131 konusundaki g\u00f6r\u00fc\u015f\u00fcne kat\u0131ld\u0131\u011f\u0131n\u0131 belirterek, uluslararas\u0131 hukuka sayg\u0131 g\u00f6sterilmesi gerekti\u011fini vurgulad\u0131.Fransa Cumhurba\u015fkan\u0131 Macron, Bel\u00e7ika Ba\u015fbakan\u0131 De Wever\u2019in Rus varl\u0131klar\u0131n\u0131n kullan\u0131m\u0131 konusundaki g\u00f6r\u00fc\u015f\u00fcne kat\u0131ld\u0131\u011f\u0131n\u0131 belirterek, uluslararas\u0131 hukuka sayg\u0131 g\u00f6sterilmesi gerekti\u011fini vurgulad\u0131.\u00a0<a href=\"https:\/\/anlatilaninotesi.com.tr\/20251001\/macrondan-rus-varliklari-hakkinda-yeni-aciklama-uluslararasi-hukuka-saygi-gosterilmeli-1099828814.html\" target=\"_blank\" class=\"feedzy-rss-link-icon\">Read More<\/a><\/p>","protected":false},"excerpt":{"rendered":"<p>Fransa Cumhurba\u015fkan\u0131 Macron, Bel\u00e7ika Ba\u015fbakan\u0131 De Wever\u2019in Rus varl\u0131klar\u0131n\u0131n kullan\u0131m\u0131 konusundaki g\u00f6r\u00fc\u015f\u00fcne kat\u0131ld\u0131\u011f\u0131n\u0131 belirterek, uluslararas\u0131 hukuka sayg\u0131 g\u00f6sterilmesi gerekti\u011fini vurgulad\u0131.Fransa Cumhurba\u015fkan\u0131 Macron, Bel\u00e7ika Ba\u015fbakan\u0131 De Wever\u2019in Rus varl\u0131klar\u0131n\u0131n kullan\u0131m\u0131 konusundaki g\u00f6r\u00fc\u015f\u00fcne kat\u0131ld\u0131\u011f\u0131n\u0131 belirterek, uluslararas\u0131 hukuka sayg\u0131 g\u00f6sterilmesi gerekti\u011fini vurgulad\u0131.\u00a0Read More<\/p>\n","protected":false},"author":1,"featured_media":0,"comment_status":"open","ping_status":"open","sticky":false,"template":"","format":"standard","meta":{"footnotes":"","_links_to":"","_links_to_target":""},"categories":[1],"tags":[],"class_list":["post-6848","post","type-post","status-publish","format-standard","hentry","category-haberler"],"_links":{"self":[{"href":"https:\/\/www.abchukuk.com\/index.php\/wp-json\/wp\/v2\/posts\/6848","targetHints":{"allow":["GET"]}}],"collection":[{"href":"https:\/\/www.abchukuk.com\/index.php\/wp-json\/wp\/v2\/posts"}],"about":[{"href":"https:\/\/www.abchukuk.com\/index.php\/wp-json\/wp\/v2\/types\/post"}],"author":[{"embeddable":true,"href":"https:\/\/www.abchukuk.com\/index.php\/wp-json\/wp\/v2\/users\/1"}],"replies":[{"embeddable":true,"href":"https:\/\/www.abchukuk.com\/index.php\/wp-json\/wp\/v2\/comments?post=6848"}],"version-history":[{"count":0,"href":"https:\/\/www.abchukuk.com\/index.php\/wp-json\/wp\/v2\/posts\/6848\/revisions"}],"wp:attachment":[{"href":"https:\/\/www.abchukuk.com\/index.php\/wp-json\/wp\/v2\/media?parent=6848"}],"wp:term":[{"taxonomy":"category","embeddable":true,"href":"https:\/\/www.abchukuk.com\/index.php\/wp-json\/wp\/v2\/categories?post=6848"},{"taxonomy":"post_tag","embeddable":true,"href":"https:\/\/www.abchukuk.com\/index.php\/wp-json\/wp\/v2\/tags?post=6848"}],"curies":[{"name":"wp","href":"https:\/\/api.w.org\/{rel}","templated":true}]}}