{"id":6840,"date":"2025-10-01T13:40:59","date_gmt":"2025-10-01T13:40:59","guid":{"rendered":"https:\/\/www.abchukuk.com\/index.php\/2025\/10\/01\/adalet-bakani-yilmaz-tunc-canli-yayinda-acikladi-yargi-paketinde-neler-yer-alacak\/"},"modified":"2025-10-01T13:40:59","modified_gmt":"2025-10-01T13:40:59","slug":"adalet-bakani-yilmaz-tunc-canli-yayinda-acikladi-yargi-paketinde-neler-yer-alacak","status":"publish","type":"post","link":"https:\/\/www.abchukuk.com\/index.php\/2025\/10\/01\/adalet-bakani-yilmaz-tunc-canli-yayinda-acikladi-yargi-paketinde-neler-yer-alacak\/","title":{"rendered":"Adalet Bakan\u0131 Y\u0131lmaz Tun\u00e7 Canl\u0131 Yay\u0131nda A\u00e7\u0131klad\u0131: Yarg\u0131 Paketinde Neler Yer Alacak?"},"content":{"rendered":"<p><a href=\"https:\/\/www.gercekgundem.com\/siyaset\/adalet-bakani-yilmaz-tunc-canli-yayinda-acikladi-yargi-paketinde-neler-yer-alacak-557829\"><br \/>\n                                                            <img decoding=\"async\" src=\"https:\/\/i.gercekgundem.com\/2\/150\/84\/storage\/files\/images\/2025\/10\/01\/adalet-bakani-yilmaz-tunc-canli-yayinda-acikladi-yargi-paketinde-neler-yer-alacak-rq1v.jpg\" width=\"150\" height=\"84\" border=\"0\" align=\"right\" \/><br \/>\n                                                    <\/a><\/p>\n<h4>Adalet Bakan\u0131 Y\u0131lmaz Tun\u00e7, tv100 canl\u0131 yay\u0131n\u0131nda yeni yarg\u0131 paketinde yer almas\u0131 beklenen d\u00fczenlemelere ili\u015fkin konu\u015ftu. Tun\u00e7, bili\u015fim su\u00e7lar\u0131, trafik ve kutlamalarda \u00e7evre d\u00fczenini bozacak hareketlere y\u00f6nelik dikkat \u00e7eken ad\u0131mlar at\u0131laca\u011f\u0131n\u0131 belirtti.<\/h4>\n<p>Adalet Bakan\u0131 Y\u0131lmaz Tun\u00e7, tv100 canl\u0131 yay\u0131n\u0131nda yeni yarg\u0131 paketinde yer almas\u0131 beklenen d\u00fczenlemelere ili\u015fkin konu\u015ftu. Tun\u00e7, bili\u015fim su\u00e7lar\u0131, trafik ve kutlamalarda \u00e7evre d\u00fczenini bozacak hareketlere y\u00f6nelik dikkat \u00e7eken ad\u0131mlar at\u0131laca\u011f\u0131n\u0131 belirtti.\u00a0<a href=\"https:\/\/www.gercekgundem.com\/siyaset\/adalet-bakani-yilmaz-tunc-canli-yayinda-acikladi-yargi-paketinde-neler-yer-alacak-557829\" target=\"_blank\" class=\"feedzy-rss-link-icon\">Read More<\/a><\/p>","protected":false},"excerpt":{"rendered":"<p>Adalet Bakan\u0131 Y\u0131lmaz Tun\u00e7, tv100 canl\u0131 yay\u0131n\u0131nda yeni yarg\u0131 paketinde yer almas\u0131 beklenen d\u00fczenlemelere ili\u015fkin konu\u015ftu. Tun\u00e7, bili\u015fim su\u00e7lar\u0131, trafik ve kutlamalarda \u00e7evre d\u00fczenini bozacak hareketlere y\u00f6nelik dikkat \u00e7eken ad\u0131mlar at\u0131laca\u011f\u0131n\u0131 belirtti. Adalet Bakan\u0131 Y\u0131lmaz Tun\u00e7, tv100 canl\u0131 yay\u0131n\u0131nda yeni yarg\u0131 paketinde yer almas\u0131 beklenen d\u00fczenlemelere ili\u015fkin konu\u015ftu. Tun\u00e7, bili\u015fim su\u00e7lar\u0131, trafik ve kutlamalarda \u00e7evre [&hellip;]<\/p>\n","protected":false},"author":1,"featured_media":6841,"comment_status":"open","ping_status":"open","sticky":false,"template":"","format":"standard","meta":{"footnotes":"","_links_to":"","_links_to_target":""},"categories":[1],"tags":[],"class_list":["post-6840","post","type-post","status-publish","format-standard","has-post-thumbnail","hentry","category-haberler"],"_links":{"self":[{"href":"https:\/\/www.abchukuk.com\/index.php\/wp-json\/wp\/v2\/posts\/6840","targetHints":{"allow":["GET"]}}],"collection":[{"href":"https:\/\/www.abchukuk.com\/index.php\/wp-json\/wp\/v2\/posts"}],"about":[{"href":"https:\/\/www.abchukuk.com\/index.php\/wp-json\/wp\/v2\/types\/post"}],"author":[{"embeddable":true,"href":"https:\/\/www.abchukuk.com\/index.php\/wp-json\/wp\/v2\/users\/1"}],"replies":[{"embeddable":true,"href":"https:\/\/www.abchukuk.com\/index.php\/wp-json\/wp\/v2\/comments?post=6840"}],"version-history":[{"count":0,"href":"https:\/\/www.abchukuk.com\/index.php\/wp-json\/wp\/v2\/posts\/6840\/revisions"}],"wp:featuredmedia":[{"embeddable":true,"href":"https:\/\/www.abchukuk.com\/index.php\/wp-json\/wp\/v2\/media\/6841"}],"wp:attachment":[{"href":"https:\/\/www.abchukuk.com\/index.php\/wp-json\/wp\/v2\/media?parent=6840"}],"wp:term":[{"taxonomy":"category","embeddable":true,"href":"https:\/\/www.abchukuk.com\/index.php\/wp-json\/wp\/v2\/categories?post=6840"},{"taxonomy":"post_tag","embeddable":true,"href":"https:\/\/www.abchukuk.com\/index.php\/wp-json\/wp\/v2\/tags?post=6840"}],"curies":[{"name":"wp","href":"https:\/\/api.w.org\/{rel}","templated":true}]}}