{"id":6838,"date":"2025-10-01T12:11:00","date_gmt":"2025-10-01T12:11:00","guid":{"rendered":"https:\/\/www.abchukuk.com\/index.php\/2025\/10\/01\/gezi-parki-davasinda-yargilanan-ayse-barim-tahliye-edildi\/"},"modified":"2025-10-01T12:11:00","modified_gmt":"2025-10-01T12:11:00","slug":"gezi-parki-davasinda-yargilanan-ayse-barim-tahliye-edildi","status":"publish","type":"post","link":"https:\/\/www.abchukuk.com\/index.php\/2025\/10\/01\/gezi-parki-davasinda-yargilanan-ayse-barim-tahliye-edildi\/","title":{"rendered":"Gezi Park\u0131 davas\u0131nda yarg\u0131lanan Ay\u015fe Bar\u0131m tahliye edildi"},"content":{"rendered":"<p>Gezi Park\u0131 olaylar\u0131n\u0131n \u201cplanlay\u0131c\u0131lar\u0131ndan\u201d oldu\u011fu iddias\u0131yla 28 Ocak\u2019ta tutuklanan menajer Ay\u015fe Bar\u0131m, bug\u00fcn ikinci kez hakim kar\u015f\u0131s\u0131na \u00e7\u0131kt\u0131. 248 g\u00fcnd\u00fcr cezaevinde bulunan Bar\u0131m hakk\u0131nda mahkeme tahliye karar\u0131 verdi. Duru\u015fmaya kat\u0131lan bir\u00e7ok \u00fcnl\u00fc isim, Bar\u0131m\u2019\u0131n siyasi y\u00f6nlendirmelerde bulunmad\u0131\u011f\u0131n\u0131 ifade etti. \u0130\u015fte s\u00fcrece dair son durum ve \u00fcnl\u00fc isimlerin Bar\u0131m hakk\u0131nda verdi\u011fi ifadeler&#8230;Gezi Park\u0131 olaylar\u0131n\u0131n \u201cplanlay\u0131c\u0131lar\u0131ndan\u201d oldu\u011fu iddias\u0131yla 28 Ocak\u2019ta tutuklanan menajer Ay\u015fe Bar\u0131m, bug\u00fcn ikinci kez hakim kar\u015f\u0131s\u0131na \u00e7\u0131kt\u0131. 248 g\u00fcnd\u00fcr cezaevinde bulunan Bar\u0131m hakk\u0131nda mahkeme tahliye karar\u0131 verdi. Duru\u015fmaya kat\u0131lan bir\u00e7ok \u00fcnl\u00fc isim, Bar\u0131m\u2019\u0131n siyasi y\u00f6nlendirmelerde bulunmad\u0131\u011f\u0131n\u0131 ifade etti. \u0130\u015fte s\u00fcrece dair son durum ve \u00fcnl\u00fc isimlerin Bar\u0131m hakk\u0131nda verdi\u011fi ifadeler&#8230;\u00a0<a href=\"https:\/\/www.dunya.com\/yasam\/gezi-parki-davasinda-yargilanan-ayse-barim-tahliye-edildi-haberi-796479\" target=\"_blank\" class=\"feedzy-rss-link-icon\">Read More<\/a><\/p>","protected":false},"excerpt":{"rendered":"<p>Gezi Park\u0131 olaylar\u0131n\u0131n \u201cplanlay\u0131c\u0131lar\u0131ndan\u201d oldu\u011fu iddias\u0131yla 28 Ocak\u2019ta tutuklanan menajer Ay\u015fe Bar\u0131m, bug\u00fcn ikinci kez hakim kar\u015f\u0131s\u0131na \u00e7\u0131kt\u0131. 248 g\u00fcnd\u00fcr cezaevinde bulunan Bar\u0131m hakk\u0131nda mahkeme tahliye karar\u0131 verdi. Duru\u015fmaya kat\u0131lan bir\u00e7ok \u00fcnl\u00fc isim, Bar\u0131m\u2019\u0131n siyasi y\u00f6nlendirmelerde bulunmad\u0131\u011f\u0131n\u0131 ifade etti. \u0130\u015fte s\u00fcrece dair son durum ve \u00fcnl\u00fc isimlerin Bar\u0131m hakk\u0131nda verdi\u011fi ifadeler&#8230;Gezi Park\u0131 olaylar\u0131n\u0131n \u201cplanlay\u0131c\u0131lar\u0131ndan\u201d oldu\u011fu [&hellip;]<\/p>\n","protected":false},"author":1,"featured_media":6839,"comment_status":"open","ping_status":"open","sticky":false,"template":"","format":"standard","meta":{"footnotes":"","_links_to":"","_links_to_target":""},"categories":[1],"tags":[],"class_list":["post-6838","post","type-post","status-publish","format-standard","has-post-thumbnail","hentry","category-haberler"],"_links":{"self":[{"href":"https:\/\/www.abchukuk.com\/index.php\/wp-json\/wp\/v2\/posts\/6838","targetHints":{"allow":["GET"]}}],"collection":[{"href":"https:\/\/www.abchukuk.com\/index.php\/wp-json\/wp\/v2\/posts"}],"about":[{"href":"https:\/\/www.abchukuk.com\/index.php\/wp-json\/wp\/v2\/types\/post"}],"author":[{"embeddable":true,"href":"https:\/\/www.abchukuk.com\/index.php\/wp-json\/wp\/v2\/users\/1"}],"replies":[{"embeddable":true,"href":"https:\/\/www.abchukuk.com\/index.php\/wp-json\/wp\/v2\/comments?post=6838"}],"version-history":[{"count":0,"href":"https:\/\/www.abchukuk.com\/index.php\/wp-json\/wp\/v2\/posts\/6838\/revisions"}],"wp:featuredmedia":[{"embeddable":true,"href":"https:\/\/www.abchukuk.com\/index.php\/wp-json\/wp\/v2\/media\/6839"}],"wp:attachment":[{"href":"https:\/\/www.abchukuk.com\/index.php\/wp-json\/wp\/v2\/media?parent=6838"}],"wp:term":[{"taxonomy":"category","embeddable":true,"href":"https:\/\/www.abchukuk.com\/index.php\/wp-json\/wp\/v2\/categories?post=6838"},{"taxonomy":"post_tag","embeddable":true,"href":"https:\/\/www.abchukuk.com\/index.php\/wp-json\/wp\/v2\/tags?post=6838"}],"curies":[{"name":"wp","href":"https:\/\/api.w.org\/{rel}","templated":true}]}}