{"id":6836,"date":"2025-10-01T12:16:24","date_gmt":"2025-10-01T12:16:24","guid":{"rendered":"https:\/\/www.abchukuk.com\/index.php\/2025\/10\/01\/samsunda-feto-operyasonu-7-kisi-gozaltina-alindi\/"},"modified":"2025-10-01T12:16:24","modified_gmt":"2025-10-01T12:16:24","slug":"samsunda-feto-operyasonu-7-kisi-gozaltina-alindi","status":"publish","type":"post","link":"https:\/\/www.abchukuk.com\/index.php\/2025\/10\/01\/samsunda-feto-operyasonu-7-kisi-gozaltina-alindi\/","title":{"rendered":"Samsun&#8217;da FET\u00d6 Operyasonu! 7 Ki\u015fi G\u00f6zalt\u0131na Al\u0131nd\u0131"},"content":{"rendered":"<p><a href=\"https:\/\/www.gercekgundem.com\/guncel\/samsunda-feto-operyasonu-7-kisi-gozaltina-alindi-557818\"><br \/>\n                                                            <img decoding=\"async\" src=\"https:\/\/i.gercekgundem.com\/2\/150\/84\/storage\/files\/images\/2025\/09\/17\/deniz-kuvvetlerinde-10-subay-ve-astsubay-gozaltina-alindi-srbg.jpg\" width=\"150\" height=\"84\" border=\"0\" align=\"right\" \/><br \/>\n                                                    <\/a><\/p>\n<h4>Samsun\u2019da FET\u00d6\/PDY yap\u0131lanmas\u0131na y\u00f6nelik y\u00fcr\u00fct\u00fclen soru\u015fturma kapsam\u0131nda ger\u00e7ekle\u015ftirilen operasyonlarda 7 \u015f\u00fcpheli yakaland\u0131.<\/h4>\n<p>Samsun\u2019da FET\u00d6\/PDY yap\u0131lanmas\u0131na y\u00f6nelik y\u00fcr\u00fct\u00fclen soru\u015fturma kapsam\u0131nda ger\u00e7ekle\u015ftirilen operasyonlarda 7 \u015f\u00fcpheli yakaland\u0131.\u00a0<a href=\"https:\/\/www.gercekgundem.com\/guncel\/samsunda-feto-operyasonu-7-kisi-gozaltina-alindi-557818\" target=\"_blank\" class=\"feedzy-rss-link-icon\">Read More<\/a><\/p>","protected":false},"excerpt":{"rendered":"<p>Samsun\u2019da FET\u00d6\/PDY yap\u0131lanmas\u0131na y\u00f6nelik y\u00fcr\u00fct\u00fclen soru\u015fturma kapsam\u0131nda ger\u00e7ekle\u015ftirilen operasyonlarda 7 \u015f\u00fcpheli yakaland\u0131. Samsun\u2019da FET\u00d6\/PDY yap\u0131lanmas\u0131na y\u00f6nelik y\u00fcr\u00fct\u00fclen soru\u015fturma kapsam\u0131nda ger\u00e7ekle\u015ftirilen operasyonlarda 7 \u015f\u00fcpheli yakaland\u0131.\u00a0Read More<\/p>\n","protected":false},"author":1,"featured_media":6837,"comment_status":"open","ping_status":"open","sticky":false,"template":"","format":"standard","meta":{"footnotes":"","_links_to":"","_links_to_target":""},"categories":[1],"tags":[],"class_list":["post-6836","post","type-post","status-publish","format-standard","has-post-thumbnail","hentry","category-haberler"],"_links":{"self":[{"href":"https:\/\/www.abchukuk.com\/index.php\/wp-json\/wp\/v2\/posts\/6836","targetHints":{"allow":["GET"]}}],"collection":[{"href":"https:\/\/www.abchukuk.com\/index.php\/wp-json\/wp\/v2\/posts"}],"about":[{"href":"https:\/\/www.abchukuk.com\/index.php\/wp-json\/wp\/v2\/types\/post"}],"author":[{"embeddable":true,"href":"https:\/\/www.abchukuk.com\/index.php\/wp-json\/wp\/v2\/users\/1"}],"replies":[{"embeddable":true,"href":"https:\/\/www.abchukuk.com\/index.php\/wp-json\/wp\/v2\/comments?post=6836"}],"version-history":[{"count":0,"href":"https:\/\/www.abchukuk.com\/index.php\/wp-json\/wp\/v2\/posts\/6836\/revisions"}],"wp:featuredmedia":[{"embeddable":true,"href":"https:\/\/www.abchukuk.com\/index.php\/wp-json\/wp\/v2\/media\/6837"}],"wp:attachment":[{"href":"https:\/\/www.abchukuk.com\/index.php\/wp-json\/wp\/v2\/media?parent=6836"}],"wp:term":[{"taxonomy":"category","embeddable":true,"href":"https:\/\/www.abchukuk.com\/index.php\/wp-json\/wp\/v2\/categories?post=6836"},{"taxonomy":"post_tag","embeddable":true,"href":"https:\/\/www.abchukuk.com\/index.php\/wp-json\/wp\/v2\/tags?post=6836"}],"curies":[{"name":"wp","href":"https:\/\/api.w.org\/{rel}","templated":true}]}}