{"id":6832,"date":"2025-10-01T12:32:00","date_gmt":"2025-10-01T12:32:00","guid":{"rendered":"https:\/\/www.abchukuk.com\/index.php\/2025\/10\/01\/2-turistin-oldugu-butik-otel-yangininda-yeni-bilirkisi-raporu-hazirlanacak\/"},"modified":"2025-10-01T12:32:00","modified_gmt":"2025-10-01T12:32:00","slug":"2-turistin-oldugu-butik-otel-yangininda-yeni-bilirkisi-raporu-hazirlanacak","status":"publish","type":"post","link":"https:\/\/www.abchukuk.com\/index.php\/2025\/10\/01\/2-turistin-oldugu-butik-otel-yangininda-yeni-bilirkisi-raporu-hazirlanacak\/","title":{"rendered":"2 turistin \u00f6ld\u00fc\u011f\u00fc butik otel yang\u0131n\u0131nda, yeni bilirki\u015fi raporu haz\u0131rlanacak"},"content":{"rendered":"<p>Antalya tarihi Kalei\u00e7i&#8217;nde 2 y\u0131l \u00f6nce 2 turistin \u00f6ld\u00fc\u011f\u00fc, 12 ki\u015finin de yaraland\u0131\u011f\u0131 butik oteldeki yang\u0131na ili\u015fkin tutuksuz 3 san\u0131\u011f\u0131n yarg\u0131land\u0131\u011f\u0131 davada mahkeme, yeni bilirki\u015fi raporu haz\u0131rlanmas\u0131n\u0131 talep etti.Antalya tarihi Kalei\u00e7i&#8217;nde 2 y\u0131l \u00f6nce 2 turistin \u00f6ld\u00fc\u011f\u00fc, 12 ki\u015finin de yaraland\u0131\u011f\u0131 butik oteldeki yang\u0131na ili\u015fkin tutuksuz 3 san\u0131\u011f\u0131n yarg\u0131land\u0131\u011f\u0131 davada mahkeme, yeni bilirki\u015fi raporu haz\u0131rlanmas\u0131n\u0131 talep etti.\u00a0<a href=\"https:\/\/www.cumhuriyet.com.tr\/turkiye\/2-turistin-oldugu-butik-otel-yangininda-yeni-bilirkisi-raporu-hazirlanacak-2439842\" target=\"_blank\" class=\"feedzy-rss-link-icon\">Read More<\/a><\/p>","protected":false},"excerpt":{"rendered":"<p>Antalya tarihi Kalei\u00e7i&#8217;nde 2 y\u0131l \u00f6nce 2 turistin \u00f6ld\u00fc\u011f\u00fc, 12 ki\u015finin de yaraland\u0131\u011f\u0131 butik oteldeki yang\u0131na ili\u015fkin tutuksuz 3 san\u0131\u011f\u0131n yarg\u0131land\u0131\u011f\u0131 davada mahkeme, yeni bilirki\u015fi raporu haz\u0131rlanmas\u0131n\u0131 talep etti.Antalya tarihi Kalei\u00e7i&#8217;nde 2 y\u0131l \u00f6nce 2 turistin \u00f6ld\u00fc\u011f\u00fc, 12 ki\u015finin de yaraland\u0131\u011f\u0131 butik oteldeki yang\u0131na ili\u015fkin tutuksuz 3 san\u0131\u011f\u0131n yarg\u0131land\u0131\u011f\u0131 davada mahkeme, yeni bilirki\u015fi raporu haz\u0131rlanmas\u0131n\u0131 [&hellip;]<\/p>\n","protected":false},"author":1,"featured_media":6833,"comment_status":"open","ping_status":"open","sticky":false,"template":"","format":"standard","meta":{"footnotes":"","_links_to":"","_links_to_target":""},"categories":[1],"tags":[],"class_list":["post-6832","post","type-post","status-publish","format-standard","has-post-thumbnail","hentry","category-haberler"],"_links":{"self":[{"href":"https:\/\/www.abchukuk.com\/index.php\/wp-json\/wp\/v2\/posts\/6832","targetHints":{"allow":["GET"]}}],"collection":[{"href":"https:\/\/www.abchukuk.com\/index.php\/wp-json\/wp\/v2\/posts"}],"about":[{"href":"https:\/\/www.abchukuk.com\/index.php\/wp-json\/wp\/v2\/types\/post"}],"author":[{"embeddable":true,"href":"https:\/\/www.abchukuk.com\/index.php\/wp-json\/wp\/v2\/users\/1"}],"replies":[{"embeddable":true,"href":"https:\/\/www.abchukuk.com\/index.php\/wp-json\/wp\/v2\/comments?post=6832"}],"version-history":[{"count":0,"href":"https:\/\/www.abchukuk.com\/index.php\/wp-json\/wp\/v2\/posts\/6832\/revisions"}],"wp:featuredmedia":[{"embeddable":true,"href":"https:\/\/www.abchukuk.com\/index.php\/wp-json\/wp\/v2\/media\/6833"}],"wp:attachment":[{"href":"https:\/\/www.abchukuk.com\/index.php\/wp-json\/wp\/v2\/media?parent=6832"}],"wp:term":[{"taxonomy":"category","embeddable":true,"href":"https:\/\/www.abchukuk.com\/index.php\/wp-json\/wp\/v2\/categories?post=6832"},{"taxonomy":"post_tag","embeddable":true,"href":"https:\/\/www.abchukuk.com\/index.php\/wp-json\/wp\/v2\/tags?post=6832"}],"curies":[{"name":"wp","href":"https:\/\/api.w.org\/{rel}","templated":true}]}}