{"id":6830,"date":"2025-10-01T11:08:00","date_gmt":"2025-10-01T11:08:00","guid":{"rendered":"https:\/\/www.abchukuk.com\/index.php\/2025\/10\/01\/19-mart-mitingi-sonrasi-darpla-gozaltina-takipsizlik-karari-aymye-tasiniyor\/"},"modified":"2025-10-01T11:08:00","modified_gmt":"2025-10-01T11:08:00","slug":"19-mart-mitingi-sonrasi-darpla-gozaltina-takipsizlik-karari-aymye-tasiniyor","status":"publish","type":"post","link":"https:\/\/www.abchukuk.com\/index.php\/2025\/10\/01\/19-mart-mitingi-sonrasi-darpla-gozaltina-takipsizlik-karari-aymye-tasiniyor\/","title":{"rendered":"19 Mart mitingi sonras\u0131 darpla g\u00f6zalt\u0131na takipsizlik karar\u0131 AYM\u2019ye ta\u015f\u0131n\u0131yor!"},"content":{"rendered":"<p>\u0130BB Ba\u015fkan\u0131 Ekrem \u0130mamo\u011flu\u2019nun g\u00f6zalt\u0131na al\u0131nmas\u0131 sonras\u0131 G\u00fcvenpark\u2019ta d\u00fczenlenen mitinge kat\u0131lan ve d\u00f6n\u00fc\u015f yolunda eylemcilere yap\u0131lan m\u00fcdahale s\u0131ras\u0131nda korunmak i\u00e7in s\u0131\u011f\u0131nd\u0131\u011f\u0131 otob\u00fcs dura\u011f\u0131ndan darbedilerek g\u00f6zalt\u0131na al\u0131nan Ayhan Erdo\u011fan\u2019\u0131n polis memurlar\u0131 hakk\u0131ndaki su\u00e7 duyurusuna verilen takipsizlik karar\u0131na yapt\u0131\u011f\u0131 itiraz reddedildi. Erdo\u011fan, avukat\u0131 arac\u0131l\u0131\u011f\u0131yla AYM&#8217;ye bireysel ba\u015fvuruda bulunacak.\u0130BB Ba\u015fkan\u0131 Ekrem \u0130mamo\u011flu\u2019nun g\u00f6zalt\u0131na al\u0131nmas\u0131 sonras\u0131 G\u00fcvenpark\u2019ta d\u00fczenlenen mitinge kat\u0131lan ve d\u00f6n\u00fc\u015f yolunda eylemcilere yap\u0131lan m\u00fcdahale s\u0131ras\u0131nda korunmak i\u00e7in s\u0131\u011f\u0131nd\u0131\u011f\u0131 otob\u00fcs dura\u011f\u0131ndan darbedilerek g\u00f6zalt\u0131na al\u0131nan Ayhan Erdo\u011fan\u2019\u0131n polis memurlar\u0131 hakk\u0131ndaki su\u00e7 duyurusuna verilen takipsizlik karar\u0131na yapt\u0131\u011f\u0131 itiraz reddedildi. Erdo\u011fan, avukat\u0131 arac\u0131l\u0131\u011f\u0131yla AYM&#8217;ye bireysel ba\u015fvuruda bulunacak.\u00a0<a href=\"https:\/\/www.cumhuriyet.com.tr\/turkiye\/19-mart-mitingi-sonrasi-darpla-gozaltina-takipsizlik-karari-aym-ye-tasiniyor-2439820\" target=\"_blank\" class=\"feedzy-rss-link-icon\">Read More<\/a><\/p>","protected":false},"excerpt":{"rendered":"<p>\u0130BB Ba\u015fkan\u0131 Ekrem \u0130mamo\u011flu\u2019nun g\u00f6zalt\u0131na al\u0131nmas\u0131 sonras\u0131 G\u00fcvenpark\u2019ta d\u00fczenlenen mitinge kat\u0131lan ve d\u00f6n\u00fc\u015f yolunda eylemcilere yap\u0131lan m\u00fcdahale s\u0131ras\u0131nda korunmak i\u00e7in s\u0131\u011f\u0131nd\u0131\u011f\u0131 otob\u00fcs dura\u011f\u0131ndan darbedilerek g\u00f6zalt\u0131na al\u0131nan Ayhan Erdo\u011fan\u2019\u0131n polis memurlar\u0131 hakk\u0131ndaki su\u00e7 duyurusuna verilen takipsizlik karar\u0131na yapt\u0131\u011f\u0131 itiraz reddedildi. Erdo\u011fan, avukat\u0131 arac\u0131l\u0131\u011f\u0131yla AYM&#8217;ye bireysel ba\u015fvuruda bulunacak.\u0130BB Ba\u015fkan\u0131 Ekrem \u0130mamo\u011flu\u2019nun g\u00f6zalt\u0131na al\u0131nmas\u0131 sonras\u0131 G\u00fcvenpark\u2019ta d\u00fczenlenen mitinge [&hellip;]<\/p>\n","protected":false},"author":1,"featured_media":6831,"comment_status":"open","ping_status":"open","sticky":false,"template":"","format":"standard","meta":{"footnotes":"","_links_to":"","_links_to_target":""},"categories":[1],"tags":[],"class_list":["post-6830","post","type-post","status-publish","format-standard","has-post-thumbnail","hentry","category-haberler"],"_links":{"self":[{"href":"https:\/\/www.abchukuk.com\/index.php\/wp-json\/wp\/v2\/posts\/6830","targetHints":{"allow":["GET"]}}],"collection":[{"href":"https:\/\/www.abchukuk.com\/index.php\/wp-json\/wp\/v2\/posts"}],"about":[{"href":"https:\/\/www.abchukuk.com\/index.php\/wp-json\/wp\/v2\/types\/post"}],"author":[{"embeddable":true,"href":"https:\/\/www.abchukuk.com\/index.php\/wp-json\/wp\/v2\/users\/1"}],"replies":[{"embeddable":true,"href":"https:\/\/www.abchukuk.com\/index.php\/wp-json\/wp\/v2\/comments?post=6830"}],"version-history":[{"count":0,"href":"https:\/\/www.abchukuk.com\/index.php\/wp-json\/wp\/v2\/posts\/6830\/revisions"}],"wp:featuredmedia":[{"embeddable":true,"href":"https:\/\/www.abchukuk.com\/index.php\/wp-json\/wp\/v2\/media\/6831"}],"wp:attachment":[{"href":"https:\/\/www.abchukuk.com\/index.php\/wp-json\/wp\/v2\/media?parent=6830"}],"wp:term":[{"taxonomy":"category","embeddable":true,"href":"https:\/\/www.abchukuk.com\/index.php\/wp-json\/wp\/v2\/categories?post=6830"},{"taxonomy":"post_tag","embeddable":true,"href":"https:\/\/www.abchukuk.com\/index.php\/wp-json\/wp\/v2\/tags?post=6830"}],"curies":[{"name":"wp","href":"https:\/\/api.w.org\/{rel}","templated":true}]}}