{"id":6828,"date":"2025-10-01T11:36:00","date_gmt":"2025-10-01T11:36:00","guid":{"rendered":"https:\/\/www.abchukuk.com\/index.php\/2025\/10\/01\/11-yargi-paketi-meclise-geldi-mi-yeni-yargi-paketi-ne-zaman-cikacak-son-durum-nedir\/"},"modified":"2025-10-01T11:36:00","modified_gmt":"2025-10-01T11:36:00","slug":"11-yargi-paketi-meclise-geldi-mi-yeni-yargi-paketi-ne-zaman-cikacak-son-durum-nedir","status":"publish","type":"post","link":"https:\/\/www.abchukuk.com\/index.php\/2025\/10\/01\/11-yargi-paketi-meclise-geldi-mi-yeni-yargi-paketi-ne-zaman-cikacak-son-durum-nedir\/","title":{"rendered":"11. Yarg\u0131 Paketi Meclis&#8217;e geldi mi? Yeni Yarg\u0131 Paketi ne zaman \u00e7\u0131kacak? Son durum nedir?"},"content":{"rendered":"<p>Bug\u00fcn T\u00fcrkiye B\u00fcy\u00fck Millet Meclisi a\u00e7\u0131ld\u0131. Meclis&#8217;in a\u00e7\u0131lmas\u0131 ile birlikte 11. Yarg\u0131 Paketi&#8217;nin ak\u0131beti merak ediliyor. Y\u00fcz binler son geli\u015fmeleri \u00f6\u011frenmek isterken s\u0131k\u00e7a gelen soru ise &#8220;11. Yarg\u0131 Paketi Meclis&#8217;e geldi mi&#8221; \u015feklinde&#8230; \u0130\u015fte en son durum&#8230;Bug\u00fcn T\u00fcrkiye B\u00fcy\u00fck Millet Meclisi a\u00e7\u0131ld\u0131. Meclis&#8217;in a\u00e7\u0131lmas\u0131 ile birlikte 11. Yarg\u0131 Paketi&#8217;nin ak\u0131beti merak ediliyor. Y\u00fcz binler son geli\u015fmeleri \u00f6\u011frenmek isterken s\u0131k\u00e7a gelen soru ise &#8220;11. Yarg\u0131 Paketi Meclis&#8217;e geldi mi&#8221; \u015feklinde&#8230; \u0130\u015fte en son durum&#8230;\u00a0<a href=\"https:\/\/www.dunya.com\/foto-galeri\/gundem\/11-yargi-paketi-meclise-geldi-mi-yeni-yargi-paketi-ne-zaman-cikacak-son-durum-nedir-galeri-796472\" target=\"_blank\" class=\"feedzy-rss-link-icon\">Read More<\/a><\/p>","protected":false},"excerpt":{"rendered":"<p>Bug\u00fcn T\u00fcrkiye B\u00fcy\u00fck Millet Meclisi a\u00e7\u0131ld\u0131. Meclis&#8217;in a\u00e7\u0131lmas\u0131 ile birlikte 11. Yarg\u0131 Paketi&#8217;nin ak\u0131beti merak ediliyor. Y\u00fcz binler son geli\u015fmeleri \u00f6\u011frenmek isterken s\u0131k\u00e7a gelen soru ise &#8220;11. Yarg\u0131 Paketi Meclis&#8217;e geldi mi&#8221; \u015feklinde&#8230; \u0130\u015fte en son durum&#8230;Bug\u00fcn T\u00fcrkiye B\u00fcy\u00fck Millet Meclisi a\u00e7\u0131ld\u0131. Meclis&#8217;in a\u00e7\u0131lmas\u0131 ile birlikte 11. Yarg\u0131 Paketi&#8217;nin ak\u0131beti merak ediliyor. Y\u00fcz binler son [&hellip;]<\/p>\n","protected":false},"author":1,"featured_media":6829,"comment_status":"open","ping_status":"open","sticky":false,"template":"","format":"standard","meta":{"footnotes":"","_links_to":"","_links_to_target":""},"categories":[1],"tags":[],"class_list":["post-6828","post","type-post","status-publish","format-standard","has-post-thumbnail","hentry","category-haberler"],"_links":{"self":[{"href":"https:\/\/www.abchukuk.com\/index.php\/wp-json\/wp\/v2\/posts\/6828","targetHints":{"allow":["GET"]}}],"collection":[{"href":"https:\/\/www.abchukuk.com\/index.php\/wp-json\/wp\/v2\/posts"}],"about":[{"href":"https:\/\/www.abchukuk.com\/index.php\/wp-json\/wp\/v2\/types\/post"}],"author":[{"embeddable":true,"href":"https:\/\/www.abchukuk.com\/index.php\/wp-json\/wp\/v2\/users\/1"}],"replies":[{"embeddable":true,"href":"https:\/\/www.abchukuk.com\/index.php\/wp-json\/wp\/v2\/comments?post=6828"}],"version-history":[{"count":0,"href":"https:\/\/www.abchukuk.com\/index.php\/wp-json\/wp\/v2\/posts\/6828\/revisions"}],"wp:featuredmedia":[{"embeddable":true,"href":"https:\/\/www.abchukuk.com\/index.php\/wp-json\/wp\/v2\/media\/6829"}],"wp:attachment":[{"href":"https:\/\/www.abchukuk.com\/index.php\/wp-json\/wp\/v2\/media?parent=6828"}],"wp:term":[{"taxonomy":"category","embeddable":true,"href":"https:\/\/www.abchukuk.com\/index.php\/wp-json\/wp\/v2\/categories?post=6828"},{"taxonomy":"post_tag","embeddable":true,"href":"https:\/\/www.abchukuk.com\/index.php\/wp-json\/wp\/v2\/tags?post=6828"}],"curies":[{"name":"wp","href":"https:\/\/api.w.org\/{rel}","templated":true}]}}