{"id":6825,"date":"2025-10-01T11:52:49","date_gmt":"2025-10-01T11:52:49","guid":{"rendered":"https:\/\/www.abchukuk.com\/index.php\/2025\/10\/01\/mersinde-otomobillere-saldiran-5-kisi-gozaltina-alindi\/"},"modified":"2025-10-01T11:52:49","modified_gmt":"2025-10-01T11:52:49","slug":"mersinde-otomobillere-saldiran-5-kisi-gozaltina-alindi","status":"publish","type":"post","link":"https:\/\/www.abchukuk.com\/index.php\/2025\/10\/01\/mersinde-otomobillere-saldiran-5-kisi-gozaltina-alindi\/","title":{"rendered":"Mersin&#8217;de Otomobillere Sald\u0131ran 5 Ki\u015fi G\u00f6zalt\u0131na Al\u0131nd\u0131"},"content":{"rendered":"<p><a href=\"https:\/\/www.gercekgundem.com\/yurttan-haberler\/mersinde-otomobillere-saldiran-5-kisi-gozaltina-alindi-557815\"><br \/>\n                                                            <img decoding=\"async\" src=\"https:\/\/i.gercekgundem.com\/2\/150\/84\/storage\/files\/images\/2025\/10\/01\/mersinde-otomobillere-saldiran-5-kisi-gozaltina-alindi-avev.jpg\" width=\"150\" height=\"84\" border=\"0\" align=\"right\" \/><br \/>\n                                                    <\/a><\/p>\n<h4>Mersin&#8217;in Yeni\u015fehir il\u00e7esinde ya\u015fanan bir tart\u0131\u015fman\u0131n ard\u0131ndan iki araca zarar veren 5 \u015f\u00fcpheli, g\u00fcvenlik kameralar\u0131 sayesinde tespit edilerek g\u00f6zalt\u0131na al\u0131nd\u0131.<\/h4>\n<p>Mersin&#8217;in Yeni\u015fehir il\u00e7esinde ya\u015fanan bir tart\u0131\u015fman\u0131n ard\u0131ndan iki araca zarar veren 5 \u015f\u00fcpheli, g\u00fcvenlik kameralar\u0131 sayesinde tespit edilerek g\u00f6zalt\u0131na al\u0131nd\u0131.\u00a0<a href=\"https:\/\/www.gercekgundem.com\/yurttan-haberler\/mersinde-otomobillere-saldiran-5-kisi-gozaltina-alindi-557815\" target=\"_blank\" class=\"feedzy-rss-link-icon\">Read More<\/a><\/p>","protected":false},"excerpt":{"rendered":"<p>Mersin&#8217;in Yeni\u015fehir il\u00e7esinde ya\u015fanan bir tart\u0131\u015fman\u0131n ard\u0131ndan iki araca zarar veren 5 \u015f\u00fcpheli, g\u00fcvenlik kameralar\u0131 sayesinde tespit edilerek g\u00f6zalt\u0131na al\u0131nd\u0131. Mersin&#8217;in Yeni\u015fehir il\u00e7esinde ya\u015fanan bir tart\u0131\u015fman\u0131n ard\u0131ndan iki araca zarar veren 5 \u015f\u00fcpheli, g\u00fcvenlik kameralar\u0131 sayesinde tespit edilerek g\u00f6zalt\u0131na al\u0131nd\u0131.\u00a0Read More<\/p>\n","protected":false},"author":1,"featured_media":6826,"comment_status":"open","ping_status":"open","sticky":false,"template":"","format":"standard","meta":{"footnotes":"","_links_to":"","_links_to_target":""},"categories":[1],"tags":[],"class_list":["post-6825","post","type-post","status-publish","format-standard","has-post-thumbnail","hentry","category-haberler"],"_links":{"self":[{"href":"https:\/\/www.abchukuk.com\/index.php\/wp-json\/wp\/v2\/posts\/6825","targetHints":{"allow":["GET"]}}],"collection":[{"href":"https:\/\/www.abchukuk.com\/index.php\/wp-json\/wp\/v2\/posts"}],"about":[{"href":"https:\/\/www.abchukuk.com\/index.php\/wp-json\/wp\/v2\/types\/post"}],"author":[{"embeddable":true,"href":"https:\/\/www.abchukuk.com\/index.php\/wp-json\/wp\/v2\/users\/1"}],"replies":[{"embeddable":true,"href":"https:\/\/www.abchukuk.com\/index.php\/wp-json\/wp\/v2\/comments?post=6825"}],"version-history":[{"count":0,"href":"https:\/\/www.abchukuk.com\/index.php\/wp-json\/wp\/v2\/posts\/6825\/revisions"}],"wp:featuredmedia":[{"embeddable":true,"href":"https:\/\/www.abchukuk.com\/index.php\/wp-json\/wp\/v2\/media\/6826"}],"wp:attachment":[{"href":"https:\/\/www.abchukuk.com\/index.php\/wp-json\/wp\/v2\/media?parent=6825"}],"wp:term":[{"taxonomy":"category","embeddable":true,"href":"https:\/\/www.abchukuk.com\/index.php\/wp-json\/wp\/v2\/categories?post=6825"},{"taxonomy":"post_tag","embeddable":true,"href":"https:\/\/www.abchukuk.com\/index.php\/wp-json\/wp\/v2\/tags?post=6825"}],"curies":[{"name":"wp","href":"https:\/\/api.w.org\/{rel}","templated":true}]}}