{"id":6822,"date":"2025-10-01T10:30:00","date_gmt":"2025-10-01T10:30:00","guid":{"rendered":"https:\/\/www.abchukuk.com\/index.php\/2025\/10\/01\/eski-antalyaspor-baskani-aziz-cetin-gozaltina-alindi\/"},"modified":"2025-10-01T10:30:00","modified_gmt":"2025-10-01T10:30:00","slug":"eski-antalyaspor-baskani-aziz-cetin-gozaltina-alindi","status":"publish","type":"post","link":"https:\/\/www.abchukuk.com\/index.php\/2025\/10\/01\/eski-antalyaspor-baskani-aziz-cetin-gozaltina-alindi\/","title":{"rendered":"Eski Antalyaspor Ba\u015fkan\u0131 Aziz \u00c7etin g\u00f6zalt\u0131na al\u0131nd\u0131"},"content":{"rendered":"<p>Antalya Cumhuriyet Ba\u015fsavc\u0131l\u0131\u011f\u0131&#8217;nca hafriyat i\u015flerine y\u00f6nelik yolsuzluk ve r\u00fc\u015fvet iddialar\u0131 kapsam\u0131nda y\u00fcr\u00fct\u00fclen soru\u015fturmada, Antalyaspor Derne\u011fi ve kul\u00fcb\u00fcn \u00f6nceki d\u00f6nem ba\u015fkan\u0131 Avukat Aziz \u00c7etin g\u00f6zalt\u0131na al\u0131nd\u0131. \u00d6te yandan soru\u015fturma kapsam\u0131nda g\u00f6zalt\u0131na al\u0131nan 22 \u015f\u00fcpheliden 10&#8217;u serbest b\u0131rak\u0131ld\u0131.Antalya Cumhuriyet Ba\u015fsavc\u0131l\u0131\u011f\u0131&#8217;nca hafriyat i\u015flerine y\u00f6nelik yolsuzluk ve r\u00fc\u015fvet iddialar\u0131 kapsam\u0131nda y\u00fcr\u00fct\u00fclen soru\u015fturmada, Antalyaspor Derne\u011fi ve kul\u00fcb\u00fcn \u00f6nceki d\u00f6nem ba\u015fkan\u0131 Avukat Aziz \u00c7etin g\u00f6zalt\u0131na al\u0131nd\u0131. \u00d6te yandan soru\u015fturma kapsam\u0131nda g\u00f6zalt\u0131na al\u0131nan 22 \u015f\u00fcpheliden 10&#8217;u serbest b\u0131rak\u0131ld\u0131.\u00a0<a href=\"https:\/\/www.dunya.com\/gundem\/eski-antalyaspor-baskani-aziz-cetin-gozaltina-alindi-haberi-796461\" target=\"_blank\" class=\"feedzy-rss-link-icon\">Read More<\/a><\/p>","protected":false},"excerpt":{"rendered":"<p>Antalya Cumhuriyet Ba\u015fsavc\u0131l\u0131\u011f\u0131&#8217;nca hafriyat i\u015flerine y\u00f6nelik yolsuzluk ve r\u00fc\u015fvet iddialar\u0131 kapsam\u0131nda y\u00fcr\u00fct\u00fclen soru\u015fturmada, Antalyaspor Derne\u011fi ve kul\u00fcb\u00fcn \u00f6nceki d\u00f6nem ba\u015fkan\u0131 Avukat Aziz \u00c7etin g\u00f6zalt\u0131na al\u0131nd\u0131. \u00d6te yandan soru\u015fturma kapsam\u0131nda g\u00f6zalt\u0131na al\u0131nan 22 \u015f\u00fcpheliden 10&#8217;u serbest b\u0131rak\u0131ld\u0131.Antalya Cumhuriyet Ba\u015fsavc\u0131l\u0131\u011f\u0131&#8217;nca hafriyat i\u015flerine y\u00f6nelik yolsuzluk ve r\u00fc\u015fvet iddialar\u0131 kapsam\u0131nda y\u00fcr\u00fct\u00fclen soru\u015fturmada, Antalyaspor Derne\u011fi ve kul\u00fcb\u00fcn \u00f6nceki d\u00f6nem ba\u015fkan\u0131 [&hellip;]<\/p>\n","protected":false},"author":1,"featured_media":6823,"comment_status":"open","ping_status":"open","sticky":false,"template":"","format":"standard","meta":{"footnotes":"","_links_to":"","_links_to_target":""},"categories":[1],"tags":[],"class_list":["post-6822","post","type-post","status-publish","format-standard","has-post-thumbnail","hentry","category-haberler"],"_links":{"self":[{"href":"https:\/\/www.abchukuk.com\/index.php\/wp-json\/wp\/v2\/posts\/6822","targetHints":{"allow":["GET"]}}],"collection":[{"href":"https:\/\/www.abchukuk.com\/index.php\/wp-json\/wp\/v2\/posts"}],"about":[{"href":"https:\/\/www.abchukuk.com\/index.php\/wp-json\/wp\/v2\/types\/post"}],"author":[{"embeddable":true,"href":"https:\/\/www.abchukuk.com\/index.php\/wp-json\/wp\/v2\/users\/1"}],"replies":[{"embeddable":true,"href":"https:\/\/www.abchukuk.com\/index.php\/wp-json\/wp\/v2\/comments?post=6822"}],"version-history":[{"count":0,"href":"https:\/\/www.abchukuk.com\/index.php\/wp-json\/wp\/v2\/posts\/6822\/revisions"}],"wp:featuredmedia":[{"embeddable":true,"href":"https:\/\/www.abchukuk.com\/index.php\/wp-json\/wp\/v2\/media\/6823"}],"wp:attachment":[{"href":"https:\/\/www.abchukuk.com\/index.php\/wp-json\/wp\/v2\/media?parent=6822"}],"wp:term":[{"taxonomy":"category","embeddable":true,"href":"https:\/\/www.abchukuk.com\/index.php\/wp-json\/wp\/v2\/categories?post=6822"},{"taxonomy":"post_tag","embeddable":true,"href":"https:\/\/www.abchukuk.com\/index.php\/wp-json\/wp\/v2\/tags?post=6822"}],"curies":[{"name":"wp","href":"https:\/\/api.w.org\/{rel}","templated":true}]}}