{"id":6783,"date":"2025-10-01T01:00:00","date_gmt":"2025-10-01T01:00:00","guid":{"rendered":"https:\/\/www.abchukuk.com\/index.php\/2025\/10\/01\/chp-kurultay-oncesi-kongrelerde-hizlandi-birlik-ve-adalet-vurgusu\/"},"modified":"2025-10-01T01:00:00","modified_gmt":"2025-10-01T01:00:00","slug":"chp-kurultay-oncesi-kongrelerde-hizlandi-birlik-ve-adalet-vurgusu","status":"publish","type":"post","link":"https:\/\/www.abchukuk.com\/index.php\/2025\/10\/01\/chp-kurultay-oncesi-kongrelerde-hizlandi-birlik-ve-adalet-vurgusu\/","title":{"rendered":"CHP, kurultay \u00f6ncesi kongrelerde h\u0131zland\u0131: Birlik ve adalet vurgusu"},"content":{"rendered":"<p>CHP, 39. Ola\u011fan Kurultay s\u00fcreci kapsam\u0131nda il\u00e7e kongrelerini bu hafta, il kongrelerini ise 22 Ekim\u2019e kadar tamamlamay\u0131 hedefliyor. Parti kurmaylar\u0131, yeni delege yap\u0131s\u0131n\u0131n olu\u015fmas\u0131yla kurultay davas\u0131n\u0131n konusuz kalaca\u011f\u0131n\u0131 vurgularken, kongrelerde \u201cbirlik ve adalet\u201d mesajlar\u0131 \u00f6ne \u00e7\u0131k\u0131yor.CHP, 39. Ola\u011fan Kurultay s\u00fcreci kapsam\u0131nda il\u00e7e kongrelerini bu hafta, il kongrelerini ise 22 Ekim\u2019e kadar tamamlamay\u0131 hedefliyor. Parti kurmaylar\u0131, yeni delege yap\u0131s\u0131n\u0131n olu\u015fmas\u0131yla kurultay davas\u0131n\u0131n konusuz kalaca\u011f\u0131n\u0131 vurgularken, kongrelerde \u201cbirlik ve adalet\u201d mesajlar\u0131 \u00f6ne \u00e7\u0131k\u0131yor.\u00a0<a href=\"https:\/\/www.cumhuriyet.com.tr\/siyaset\/chp-kurultay-oncesi-kongrelerde-hizlandi-birlik-ve-adalet-vurgusu-2439648\" target=\"_blank\" class=\"feedzy-rss-link-icon\">Read More<\/a><\/p>","protected":false},"excerpt":{"rendered":"<p>CHP, 39. Ola\u011fan Kurultay s\u00fcreci kapsam\u0131nda il\u00e7e kongrelerini bu hafta, il kongrelerini ise 22 Ekim\u2019e kadar tamamlamay\u0131 hedefliyor. Parti kurmaylar\u0131, yeni delege yap\u0131s\u0131n\u0131n olu\u015fmas\u0131yla kurultay davas\u0131n\u0131n konusuz kalaca\u011f\u0131n\u0131 vurgularken, kongrelerde \u201cbirlik ve adalet\u201d mesajlar\u0131 \u00f6ne \u00e7\u0131k\u0131yor.CHP, 39. Ola\u011fan Kurultay s\u00fcreci kapsam\u0131nda il\u00e7e kongrelerini bu hafta, il kongrelerini ise 22 Ekim\u2019e kadar tamamlamay\u0131 hedefliyor. Parti kurmaylar\u0131, [&hellip;]<\/p>\n","protected":false},"author":1,"featured_media":6784,"comment_status":"open","ping_status":"open","sticky":false,"template":"","format":"standard","meta":{"footnotes":"","_links_to":"","_links_to_target":""},"categories":[1],"tags":[],"class_list":["post-6783","post","type-post","status-publish","format-standard","has-post-thumbnail","hentry","category-haberler"],"_links":{"self":[{"href":"https:\/\/www.abchukuk.com\/index.php\/wp-json\/wp\/v2\/posts\/6783","targetHints":{"allow":["GET"]}}],"collection":[{"href":"https:\/\/www.abchukuk.com\/index.php\/wp-json\/wp\/v2\/posts"}],"about":[{"href":"https:\/\/www.abchukuk.com\/index.php\/wp-json\/wp\/v2\/types\/post"}],"author":[{"embeddable":true,"href":"https:\/\/www.abchukuk.com\/index.php\/wp-json\/wp\/v2\/users\/1"}],"replies":[{"embeddable":true,"href":"https:\/\/www.abchukuk.com\/index.php\/wp-json\/wp\/v2\/comments?post=6783"}],"version-history":[{"count":0,"href":"https:\/\/www.abchukuk.com\/index.php\/wp-json\/wp\/v2\/posts\/6783\/revisions"}],"wp:featuredmedia":[{"embeddable":true,"href":"https:\/\/www.abchukuk.com\/index.php\/wp-json\/wp\/v2\/media\/6784"}],"wp:attachment":[{"href":"https:\/\/www.abchukuk.com\/index.php\/wp-json\/wp\/v2\/media?parent=6783"}],"wp:term":[{"taxonomy":"category","embeddable":true,"href":"https:\/\/www.abchukuk.com\/index.php\/wp-json\/wp\/v2\/categories?post=6783"},{"taxonomy":"post_tag","embeddable":true,"href":"https:\/\/www.abchukuk.com\/index.php\/wp-json\/wp\/v2\/tags?post=6783"}],"curies":[{"name":"wp","href":"https:\/\/api.w.org\/{rel}","templated":true}]}}