{"id":6772,"date":"2025-09-30T13:54:03","date_gmt":"2025-09-30T13:54:03","guid":{"rendered":"https:\/\/www.abchukuk.com\/index.php\/2025\/09\/30\/antalyadaki-rusvet-sorusturmasinda-6nci-dalga\/"},"modified":"2025-09-30T13:54:03","modified_gmt":"2025-09-30T13:54:03","slug":"antalyadaki-rusvet-sorusturmasinda-6nci-dalga","status":"publish","type":"post","link":"https:\/\/www.abchukuk.com\/index.php\/2025\/09\/30\/antalyadaki-rusvet-sorusturmasinda-6nci-dalga\/","title":{"rendered":"Antalya&#8217;daki r\u00fc\u015fvet soru\u015fturmas\u0131nda 6&#8217;nc\u0131 dalga!"},"content":{"rendered":"<p>Antalya B\u00fcy\u00fck\u015fehir Belediyesi&#8217;ne y\u00f6nelik &#8216;r\u00fc\u015fvet&#8217; soru\u015fturmas\u0131nda 6&#8217;nc\u0131 dalga operasyon d\u00fczenlendi. Soru\u015fturma kapsam\u0131nda haklar\u0131nda g\u00f6zalt\u0131 karar\u0131 olan 22 \u015f\u00fcpheli yakaland\u0131. Polis ekiplerince, eski ad\u0131 &#8220;Antalyaspor Kul\u00fcb\u00fc Derne\u011fi&#8221; olan ve bir s\u00fcre \u00f6nce ismi &#8220;Antalyaspor Kul\u00fcb\u00fc&#8221; olarak de\u011fi\u015ftirilen derne\u011fin binas\u0131nda da arama yap\u0131ld\u0131. Ayr\u0131ca Antalyaspor Hafriyat ve Kat\u0131 At\u0131k Depolama Merkezi \u0130\u015fletmecili\u011fi&#8217;nde de arama ger\u00e7ekle\u015ftirildi. G\u00f6zalt\u0131na al\u0131nanlar aras\u0131nda Antalya B\u00fcy\u00fck\u015fehir Belediyesi Genel Sekreter Yard\u0131mc\u0131s\u0131 M.G.&#8217;nin de oldu\u011fu kaydedildiAntalya B\u00fcy\u00fck\u015fehir Belediyesi&#8217;ne y\u00f6nelik &#8216;r\u00fc\u015fvet&#8217; soru\u015fturmas\u0131nda 6&#8217;nc\u0131 dalga operasyon d\u00fczenlendi. Soru\u015fturma kapsam\u0131nda haklar\u0131nda g\u00f6zalt\u0131 karar\u0131 olan 22 \u015f\u00fcpheli yakaland\u0131. Polis ekiplerince, eski ad\u0131 &#8220;Antalyaspor Kul\u00fcb\u00fc Derne\u011fi&#8221; olan ve bir s\u00fcre \u00f6nce ismi &#8220;Antalyaspor Kul\u00fcb\u00fc&#8221; olarak de\u011fi\u015ftirilen derne\u011fin binas\u0131nda da arama yap\u0131ld\u0131. Ayr\u0131ca Antalyaspor Hafriyat ve Kat\u0131 At\u0131k Depolama Merkezi \u0130\u015fletmecili\u011fi&#8217;nde de arama ger\u00e7ekle\u015ftirildi. G\u00f6zalt\u0131na al\u0131nanlar aras\u0131nda Antalya B\u00fcy\u00fck\u015fehir Belediyesi Genel Sekreter Yard\u0131mc\u0131s\u0131 M.G.&#8217;nin de oldu\u011fu kaydedildi\u00a0<a href=\"https:\/\/www.haberturk.com\/antalya-daki-rusvet-sorusturmasinda-6-nci-dalga-operasyon-3826468\" target=\"_blank\" class=\"feedzy-rss-link-icon\">Read More<\/a><\/p>","protected":false},"excerpt":{"rendered":"<p>Antalya B\u00fcy\u00fck\u015fehir Belediyesi&#8217;ne y\u00f6nelik &#8216;r\u00fc\u015fvet&#8217; soru\u015fturmas\u0131nda 6&#8217;nc\u0131 dalga operasyon d\u00fczenlendi. Soru\u015fturma kapsam\u0131nda haklar\u0131nda g\u00f6zalt\u0131 karar\u0131 olan 22 \u015f\u00fcpheli yakaland\u0131. Polis ekiplerince, eski ad\u0131 &#8220;Antalyaspor Kul\u00fcb\u00fc Derne\u011fi&#8221; olan ve bir s\u00fcre \u00f6nce ismi &#8220;Antalyaspor Kul\u00fcb\u00fc&#8221; olarak de\u011fi\u015ftirilen derne\u011fin binas\u0131nda da arama yap\u0131ld\u0131. Ayr\u0131ca Antalyaspor Hafriyat ve Kat\u0131 At\u0131k Depolama Merkezi \u0130\u015fletmecili\u011fi&#8217;nde de arama ger\u00e7ekle\u015ftirildi. G\u00f6zalt\u0131na al\u0131nanlar [&hellip;]<\/p>\n","protected":false},"author":1,"featured_media":0,"comment_status":"open","ping_status":"open","sticky":false,"template":"","format":"standard","meta":{"footnotes":"","_links_to":"","_links_to_target":""},"categories":[1],"tags":[],"class_list":["post-6772","post","type-post","status-publish","format-standard","hentry","category-haberler"],"_links":{"self":[{"href":"https:\/\/www.abchukuk.com\/index.php\/wp-json\/wp\/v2\/posts\/6772","targetHints":{"allow":["GET"]}}],"collection":[{"href":"https:\/\/www.abchukuk.com\/index.php\/wp-json\/wp\/v2\/posts"}],"about":[{"href":"https:\/\/www.abchukuk.com\/index.php\/wp-json\/wp\/v2\/types\/post"}],"author":[{"embeddable":true,"href":"https:\/\/www.abchukuk.com\/index.php\/wp-json\/wp\/v2\/users\/1"}],"replies":[{"embeddable":true,"href":"https:\/\/www.abchukuk.com\/index.php\/wp-json\/wp\/v2\/comments?post=6772"}],"version-history":[{"count":0,"href":"https:\/\/www.abchukuk.com\/index.php\/wp-json\/wp\/v2\/posts\/6772\/revisions"}],"wp:attachment":[{"href":"https:\/\/www.abchukuk.com\/index.php\/wp-json\/wp\/v2\/media?parent=6772"}],"wp:term":[{"taxonomy":"category","embeddable":true,"href":"https:\/\/www.abchukuk.com\/index.php\/wp-json\/wp\/v2\/categories?post=6772"},{"taxonomy":"post_tag","embeddable":true,"href":"https:\/\/www.abchukuk.com\/index.php\/wp-json\/wp\/v2\/tags?post=6772"}],"curies":[{"name":"wp","href":"https:\/\/api.w.org\/{rel}","templated":true}]}}