{"id":6760,"date":"2025-09-30T10:41:59","date_gmt":"2025-09-30T10:41:59","guid":{"rendered":"https:\/\/www.abchukuk.com\/index.php\/2025\/09\/30\/demirtasin-avukati-karaman-hukumetin-8-ekime-kadar-aihm-kararina-itiraz-etmemesi-anlamli-olur\/"},"modified":"2025-09-30T10:41:59","modified_gmt":"2025-09-30T10:41:59","slug":"demirtasin-avukati-karaman-hukumetin-8-ekime-kadar-aihm-kararina-itiraz-etmemesi-anlamli-olur","status":"publish","type":"post","link":"https:\/\/www.abchukuk.com\/index.php\/2025\/09\/30\/demirtasin-avukati-karaman-hukumetin-8-ekime-kadar-aihm-kararina-itiraz-etmemesi-anlamli-olur\/","title":{"rendered":"Demirta\u015f&#8217;\u0131n avukat\u0131 Karaman: H\u00fck\u00fcmetin 8 Ekim&#8217;e kadar A\u0130HM karar\u0131na itiraz etmemesi anlaml\u0131 olur"},"content":{"rendered":"<p>Ankara 22. A\u011f\u0131r Ceza Mahkemesi, 8 Temmuz 2025 tarihli Avrupa \u0130nsan Haklar\u0131 Mahkemesi (A\u0130HM) karar\u0131na dayanan tahliye ba\u015fvurusunu, karar\u0131n kesinle\u015fmedi\u011fi ve Selahattin Demirta\u015f\u2019\u0131n art\u0131k mahkumiyet h\u00fckm\u00fc nedeniyle tutuklu oldu\u011fu gerek\u00e7esiyle reddetmi\u015fti.Ankara 22. A\u011f\u0131r Ceza Mahkemesi, 8 Temmuz 2025 tarihli Avrupa \u0130nsan Haklar\u0131 Mahkemesi (A\u0130HM) karar\u0131na dayanan tahliye ba\u015fvurusunu, karar\u0131n kesinle\u015fmedi\u011fi ve Selahattin Demirta\u015f\u2019\u0131n art\u0131k mahkumiyet h\u00fckm\u00fc nedeniyle tutuklu oldu\u011fu gerek\u00e7esiyle reddetmi\u015fti.\u00a0<a href=\"http:\/\/tr.euronews.com\/2025\/09\/30\/demirtasin-avukati-karaman-hukumetin-8-ekime-kadar-aihm-kararina-itiraz-etmemesi-anlamli-o\" target=\"_blank\" class=\"feedzy-rss-link-icon\">Read More<\/a><\/p>","protected":false},"excerpt":{"rendered":"<p>Ankara 22. A\u011f\u0131r Ceza Mahkemesi, 8 Temmuz 2025 tarihli Avrupa \u0130nsan Haklar\u0131 Mahkemesi (A\u0130HM) karar\u0131na dayanan tahliye ba\u015fvurusunu, karar\u0131n kesinle\u015fmedi\u011fi ve Selahattin Demirta\u015f\u2019\u0131n art\u0131k mahkumiyet h\u00fckm\u00fc nedeniyle tutuklu oldu\u011fu gerek\u00e7esiyle reddetmi\u015fti.Ankara 22. A\u011f\u0131r Ceza Mahkemesi, 8 Temmuz 2025 tarihli Avrupa \u0130nsan Haklar\u0131 Mahkemesi (A\u0130HM) karar\u0131na dayanan tahliye ba\u015fvurusunu, karar\u0131n kesinle\u015fmedi\u011fi ve Selahattin Demirta\u015f\u2019\u0131n art\u0131k mahkumiyet [&hellip;]<\/p>\n","protected":false},"author":1,"featured_media":0,"comment_status":"open","ping_status":"open","sticky":false,"template":"","format":"standard","meta":{"footnotes":"","_links_to":"","_links_to_target":""},"categories":[1],"tags":[],"class_list":["post-6760","post","type-post","status-publish","format-standard","hentry","category-haberler"],"_links":{"self":[{"href":"https:\/\/www.abchukuk.com\/index.php\/wp-json\/wp\/v2\/posts\/6760","targetHints":{"allow":["GET"]}}],"collection":[{"href":"https:\/\/www.abchukuk.com\/index.php\/wp-json\/wp\/v2\/posts"}],"about":[{"href":"https:\/\/www.abchukuk.com\/index.php\/wp-json\/wp\/v2\/types\/post"}],"author":[{"embeddable":true,"href":"https:\/\/www.abchukuk.com\/index.php\/wp-json\/wp\/v2\/users\/1"}],"replies":[{"embeddable":true,"href":"https:\/\/www.abchukuk.com\/index.php\/wp-json\/wp\/v2\/comments?post=6760"}],"version-history":[{"count":0,"href":"https:\/\/www.abchukuk.com\/index.php\/wp-json\/wp\/v2\/posts\/6760\/revisions"}],"wp:attachment":[{"href":"https:\/\/www.abchukuk.com\/index.php\/wp-json\/wp\/v2\/media?parent=6760"}],"wp:term":[{"taxonomy":"category","embeddable":true,"href":"https:\/\/www.abchukuk.com\/index.php\/wp-json\/wp\/v2\/categories?post=6760"},{"taxonomy":"post_tag","embeddable":true,"href":"https:\/\/www.abchukuk.com\/index.php\/wp-json\/wp\/v2\/tags?post=6760"}],"curies":[{"name":"wp","href":"https:\/\/api.w.org\/{rel}","templated":true}]}}