{"id":6751,"date":"2025-09-30T12:19:00","date_gmt":"2025-09-30T12:19:00","guid":{"rendered":"https:\/\/www.abchukuk.com\/index.php\/2025\/09\/30\/247-gundur-tutuklu-ayse-barim-yarin-ikinci-kez-hakim-karsisina-cikacak\/"},"modified":"2025-09-30T12:19:00","modified_gmt":"2025-09-30T12:19:00","slug":"247-gundur-tutuklu-ayse-barim-yarin-ikinci-kez-hakim-karsisina-cikacak","status":"publish","type":"post","link":"https:\/\/www.abchukuk.com\/index.php\/2025\/09\/30\/247-gundur-tutuklu-ayse-barim-yarin-ikinci-kez-hakim-karsisina-cikacak\/","title":{"rendered":"247 g\u00fcnd\u00fcr tutuklu: Ay\u015fe Bar\u0131m, yar\u0131n ikinci kez hakim kar\u015f\u0131s\u0131na \u00e7\u0131kacak"},"content":{"rendered":"<p>Sekt\u00f6rde tekelle\u015fme su\u00e7lamas\u0131yla g\u00f6zalt\u0131na al\u0131nan ancak 12 y\u0131l \u00f6nceki Gezi Park\u0131 eylemlerine sanat\u00e7\u0131lar\u0131 y\u00f6nlendirerek &#8220;cebir ve \u015fiddet kullanarak T\u00fcrkiye Cumhuriyeti H\u00fck\u00fcmetini ortadan kald\u0131rmaya veya g\u00f6revlerini yapmas\u0131n\u0131 k\u0131smen veya tamamen engellemeye te\u015febb\u00fcse yard\u0131m etme&#8221; su\u00e7lamas\u0131yla tutuklanan menajer Ay\u015fe Bar\u0131m, yar\u0131n ikinci kez hakim kar\u015f\u0131s\u0131na \u00e7\u0131kacak.Sekt\u00f6rde tekelle\u015fme su\u00e7lamas\u0131yla g\u00f6zalt\u0131na al\u0131nan ancak 12 y\u0131l \u00f6nceki Gezi Park\u0131 eylemlerine sanat\u00e7\u0131lar\u0131 y\u00f6nlendirerek &#8220;cebir ve \u015fiddet kullanarak T\u00fcrkiye Cumhuriyeti H\u00fck\u00fcmetini ortadan kald\u0131rmaya veya g\u00f6revlerini yapmas\u0131n\u0131 k\u0131smen veya tamamen engellemeye te\u015febb\u00fcse yard\u0131m etme&#8221; su\u00e7lamas\u0131yla tutuklanan menajer Ay\u015fe Bar\u0131m, yar\u0131n ikinci kez hakim kar\u015f\u0131s\u0131na \u00e7\u0131kacak.\u00a0<a href=\"https:\/\/www.cumhuriyet.com.tr\/siyaset\/247-gundur-tutuklu-ayse-barim-yarin-ikinci-kez-hakim-karsisina-cikacak-2439547\" target=\"_blank\" class=\"feedzy-rss-link-icon\">Read More<\/a><\/p>","protected":false},"excerpt":{"rendered":"<p>Sekt\u00f6rde tekelle\u015fme su\u00e7lamas\u0131yla g\u00f6zalt\u0131na al\u0131nan ancak 12 y\u0131l \u00f6nceki Gezi Park\u0131 eylemlerine sanat\u00e7\u0131lar\u0131 y\u00f6nlendirerek &#8220;cebir ve \u015fiddet kullanarak T\u00fcrkiye Cumhuriyeti H\u00fck\u00fcmetini ortadan kald\u0131rmaya veya g\u00f6revlerini yapmas\u0131n\u0131 k\u0131smen veya tamamen engellemeye te\u015febb\u00fcse yard\u0131m etme&#8221; su\u00e7lamas\u0131yla tutuklanan menajer Ay\u015fe Bar\u0131m, yar\u0131n ikinci kez hakim kar\u015f\u0131s\u0131na \u00e7\u0131kacak.Sekt\u00f6rde tekelle\u015fme su\u00e7lamas\u0131yla g\u00f6zalt\u0131na al\u0131nan ancak 12 y\u0131l \u00f6nceki Gezi Park\u0131 eylemlerine [&hellip;]<\/p>\n","protected":false},"author":1,"featured_media":6752,"comment_status":"open","ping_status":"open","sticky":false,"template":"","format":"standard","meta":{"footnotes":"","_links_to":"","_links_to_target":""},"categories":[1],"tags":[],"class_list":["post-6751","post","type-post","status-publish","format-standard","has-post-thumbnail","hentry","category-haberler"],"_links":{"self":[{"href":"https:\/\/www.abchukuk.com\/index.php\/wp-json\/wp\/v2\/posts\/6751","targetHints":{"allow":["GET"]}}],"collection":[{"href":"https:\/\/www.abchukuk.com\/index.php\/wp-json\/wp\/v2\/posts"}],"about":[{"href":"https:\/\/www.abchukuk.com\/index.php\/wp-json\/wp\/v2\/types\/post"}],"author":[{"embeddable":true,"href":"https:\/\/www.abchukuk.com\/index.php\/wp-json\/wp\/v2\/users\/1"}],"replies":[{"embeddable":true,"href":"https:\/\/www.abchukuk.com\/index.php\/wp-json\/wp\/v2\/comments?post=6751"}],"version-history":[{"count":0,"href":"https:\/\/www.abchukuk.com\/index.php\/wp-json\/wp\/v2\/posts\/6751\/revisions"}],"wp:featuredmedia":[{"embeddable":true,"href":"https:\/\/www.abchukuk.com\/index.php\/wp-json\/wp\/v2\/media\/6752"}],"wp:attachment":[{"href":"https:\/\/www.abchukuk.com\/index.php\/wp-json\/wp\/v2\/media?parent=6751"}],"wp:term":[{"taxonomy":"category","embeddable":true,"href":"https:\/\/www.abchukuk.com\/index.php\/wp-json\/wp\/v2\/categories?post=6751"},{"taxonomy":"post_tag","embeddable":true,"href":"https:\/\/www.abchukuk.com\/index.php\/wp-json\/wp\/v2\/tags?post=6751"}],"curies":[{"name":"wp","href":"https:\/\/api.w.org\/{rel}","templated":true}]}}