{"id":6749,"date":"2025-09-30T12:27:00","date_gmt":"2025-09-30T12:27:00","guid":{"rendered":"https:\/\/www.abchukuk.com\/index.php\/2025\/09\/30\/erdogan-konusurken-israille-ticareti-protesto-eden-9-kisinin-yargilamasi-devam-ediyor-bir-sonraki-durusmada-polisler-de-dinlenecek\/"},"modified":"2025-09-30T12:27:00","modified_gmt":"2025-09-30T12:27:00","slug":"erdogan-konusurken-israille-ticareti-protesto-eden-9-kisinin-yargilamasi-devam-ediyor-bir-sonraki-durusmada-polisler-de-dinlenecek","status":"publish","type":"post","link":"https:\/\/www.abchukuk.com\/index.php\/2025\/09\/30\/erdogan-konusurken-israille-ticareti-protesto-eden-9-kisinin-yargilamasi-devam-ediyor-bir-sonraki-durusmada-polisler-de-dinlenecek\/","title":{"rendered":"Erdo\u011fan konu\u015furken \u0130srail&#8217;le ticareti protesto eden 9 ki\u015finin yarg\u0131lamas\u0131 devam ediyor: Bir sonraki duru\u015fmada polisler de dinlenecek!"},"content":{"rendered":"<p>AKP&#8217;li Cumhurba\u015fkan\u0131 Erdo\u011fan&#8217;\u0131n TRT World Forum etkinli\u011findeki konu\u015fmas\u0131 s\u0131ras\u0131nda \u0130srail&#8217;e ticaretin tamamen kesilmesi y\u00f6n\u00fcnde slogan atan ve haklar\u0131nda dava a\u00e7\u0131lan 9 ki\u015fi bug\u00fcn yeniden hakim kar\u015f\u0131s\u0131na \u00e7\u0131kt\u0131. Polis memurlar\u0131n\u0131n tan\u0131k s\u0131fat\u0131yla dinlenmesine karar verilerek bir sonraki duru\u015fma 4 \u015eubat 2026\u2019ya ertelendi.AKP&#8217;li Cumhurba\u015fkan\u0131 Erdo\u011fan&#8217;\u0131n TRT World Forum etkinli\u011findeki konu\u015fmas\u0131 s\u0131ras\u0131nda \u0130srail&#8217;e ticaretin tamamen kesilmesi y\u00f6n\u00fcnde slogan atan ve haklar\u0131nda dava a\u00e7\u0131lan 9 ki\u015fi bug\u00fcn yeniden hakim kar\u015f\u0131s\u0131na \u00e7\u0131kt\u0131. Polis memurlar\u0131n\u0131n tan\u0131k s\u0131fat\u0131yla dinlenmesine karar verilerek bir sonraki duru\u015fma 4 \u015eubat 2026\u2019ya ertelendi.\u00a0<a href=\"https:\/\/www.cumhuriyet.com.tr\/siyaset\/erdogan-konusurken-israil-le-ticareti-protesto-eden-9-kisinin-yargilamasi-devam-ediyor-bir-sonraki-durusmada-polisler-de-dinlenecek-2439552\" target=\"_blank\" class=\"feedzy-rss-link-icon\">Read More<\/a><\/p>","protected":false},"excerpt":{"rendered":"<p>AKP&#8217;li Cumhurba\u015fkan\u0131 Erdo\u011fan&#8217;\u0131n TRT World Forum etkinli\u011findeki konu\u015fmas\u0131 s\u0131ras\u0131nda \u0130srail&#8217;e ticaretin tamamen kesilmesi y\u00f6n\u00fcnde slogan atan ve haklar\u0131nda dava a\u00e7\u0131lan 9 ki\u015fi bug\u00fcn yeniden hakim kar\u015f\u0131s\u0131na \u00e7\u0131kt\u0131. Polis memurlar\u0131n\u0131n tan\u0131k s\u0131fat\u0131yla dinlenmesine karar verilerek bir sonraki duru\u015fma 4 \u015eubat 2026\u2019ya ertelendi.AKP&#8217;li Cumhurba\u015fkan\u0131 Erdo\u011fan&#8217;\u0131n TRT World Forum etkinli\u011findeki konu\u015fmas\u0131 s\u0131ras\u0131nda \u0130srail&#8217;e ticaretin tamamen kesilmesi y\u00f6n\u00fcnde slogan [&hellip;]<\/p>\n","protected":false},"author":1,"featured_media":6750,"comment_status":"open","ping_status":"open","sticky":false,"template":"","format":"standard","meta":{"footnotes":"","_links_to":"","_links_to_target":""},"categories":[1],"tags":[],"class_list":["post-6749","post","type-post","status-publish","format-standard","has-post-thumbnail","hentry","category-haberler"],"_links":{"self":[{"href":"https:\/\/www.abchukuk.com\/index.php\/wp-json\/wp\/v2\/posts\/6749","targetHints":{"allow":["GET"]}}],"collection":[{"href":"https:\/\/www.abchukuk.com\/index.php\/wp-json\/wp\/v2\/posts"}],"about":[{"href":"https:\/\/www.abchukuk.com\/index.php\/wp-json\/wp\/v2\/types\/post"}],"author":[{"embeddable":true,"href":"https:\/\/www.abchukuk.com\/index.php\/wp-json\/wp\/v2\/users\/1"}],"replies":[{"embeddable":true,"href":"https:\/\/www.abchukuk.com\/index.php\/wp-json\/wp\/v2\/comments?post=6749"}],"version-history":[{"count":0,"href":"https:\/\/www.abchukuk.com\/index.php\/wp-json\/wp\/v2\/posts\/6749\/revisions"}],"wp:featuredmedia":[{"embeddable":true,"href":"https:\/\/www.abchukuk.com\/index.php\/wp-json\/wp\/v2\/media\/6750"}],"wp:attachment":[{"href":"https:\/\/www.abchukuk.com\/index.php\/wp-json\/wp\/v2\/media?parent=6749"}],"wp:term":[{"taxonomy":"category","embeddable":true,"href":"https:\/\/www.abchukuk.com\/index.php\/wp-json\/wp\/v2\/categories?post=6749"},{"taxonomy":"post_tag","embeddable":true,"href":"https:\/\/www.abchukuk.com\/index.php\/wp-json\/wp\/v2\/tags?post=6749"}],"curies":[{"name":"wp","href":"https:\/\/api.w.org\/{rel}","templated":true}]}}