{"id":6747,"date":"2025-09-30T12:47:00","date_gmt":"2025-09-30T12:47:00","guid":{"rendered":"https:\/\/www.abchukuk.com\/index.php\/2025\/09\/30\/mitten-kisisel-verileri-calanlara-operasyon-3-tutuklama\/"},"modified":"2025-09-30T12:47:00","modified_gmt":"2025-09-30T12:47:00","slug":"mitten-kisisel-verileri-calanlara-operasyon-3-tutuklama","status":"publish","type":"post","link":"https:\/\/www.abchukuk.com\/index.php\/2025\/09\/30\/mitten-kisisel-verileri-calanlara-operasyon-3-tutuklama\/","title":{"rendered":"M\u0130T\u2019ten ki\u015fisel verileri \u00e7alanlara operasyon: 3 tutuklama"},"content":{"rendered":"<p>Milli \u0130stihbarat Te\u015fkilat\u0131, ki\u015fisel verileri hedef alan yasa d\u0131\u015f\u0131 sorgu sistemlerine y\u00f6nelik bir operasyon d\u00fczenledi. D\u00fczenlenen operasyon ile vatanda\u015flar\u0131n ki\u015fisel verilerini yasa d\u0131\u015f\u0131 yollarla ele ge\u00e7iren 3 ki\u015fi tutukland\u0131.Milli \u0130stihbarat Te\u015fkilat\u0131, ki\u015fisel verileri hedef alan yasa d\u0131\u015f\u0131 sorgu sistemlerine y\u00f6nelik bir operasyon d\u00fczenledi. D\u00fczenlenen operasyon ile vatanda\u015flar\u0131n ki\u015fisel verilerini yasa d\u0131\u015f\u0131 yollarla ele ge\u00e7iren 3 ki\u015fi tutukland\u0131.\u00a0<a href=\"https:\/\/www.dunya.com\/gundem\/mitten-kisisel-verileri-calanlara-operasyon-3-tutuklama-haberi-796320\" target=\"_blank\" class=\"feedzy-rss-link-icon\">Read More<\/a><\/p>","protected":false},"excerpt":{"rendered":"<p>Milli \u0130stihbarat Te\u015fkilat\u0131, ki\u015fisel verileri hedef alan yasa d\u0131\u015f\u0131 sorgu sistemlerine y\u00f6nelik bir operasyon d\u00fczenledi. D\u00fczenlenen operasyon ile vatanda\u015flar\u0131n ki\u015fisel verilerini yasa d\u0131\u015f\u0131 yollarla ele ge\u00e7iren 3 ki\u015fi tutukland\u0131.Milli \u0130stihbarat Te\u015fkilat\u0131, ki\u015fisel verileri hedef alan yasa d\u0131\u015f\u0131 sorgu sistemlerine y\u00f6nelik bir operasyon d\u00fczenledi. D\u00fczenlenen operasyon ile vatanda\u015flar\u0131n ki\u015fisel verilerini yasa d\u0131\u015f\u0131 yollarla ele ge\u00e7iren 3 [&hellip;]<\/p>\n","protected":false},"author":1,"featured_media":6748,"comment_status":"open","ping_status":"open","sticky":false,"template":"","format":"standard","meta":{"footnotes":"","_links_to":"","_links_to_target":""},"categories":[1],"tags":[],"class_list":["post-6747","post","type-post","status-publish","format-standard","has-post-thumbnail","hentry","category-haberler"],"_links":{"self":[{"href":"https:\/\/www.abchukuk.com\/index.php\/wp-json\/wp\/v2\/posts\/6747","targetHints":{"allow":["GET"]}}],"collection":[{"href":"https:\/\/www.abchukuk.com\/index.php\/wp-json\/wp\/v2\/posts"}],"about":[{"href":"https:\/\/www.abchukuk.com\/index.php\/wp-json\/wp\/v2\/types\/post"}],"author":[{"embeddable":true,"href":"https:\/\/www.abchukuk.com\/index.php\/wp-json\/wp\/v2\/users\/1"}],"replies":[{"embeddable":true,"href":"https:\/\/www.abchukuk.com\/index.php\/wp-json\/wp\/v2\/comments?post=6747"}],"version-history":[{"count":0,"href":"https:\/\/www.abchukuk.com\/index.php\/wp-json\/wp\/v2\/posts\/6747\/revisions"}],"wp:featuredmedia":[{"embeddable":true,"href":"https:\/\/www.abchukuk.com\/index.php\/wp-json\/wp\/v2\/media\/6748"}],"wp:attachment":[{"href":"https:\/\/www.abchukuk.com\/index.php\/wp-json\/wp\/v2\/media?parent=6747"}],"wp:term":[{"taxonomy":"category","embeddable":true,"href":"https:\/\/www.abchukuk.com\/index.php\/wp-json\/wp\/v2\/categories?post=6747"},{"taxonomy":"post_tag","embeddable":true,"href":"https:\/\/www.abchukuk.com\/index.php\/wp-json\/wp\/v2\/tags?post=6747"}],"curies":[{"name":"wp","href":"https:\/\/api.w.org\/{rel}","templated":true}]}}