{"id":6729,"date":"2025-09-30T10:37:56","date_gmt":"2025-09-30T10:37:56","guid":{"rendered":"https:\/\/www.abchukuk.com\/index.php\/2025\/09\/30\/marmarayda-cocuklarinin-yaninda-babayi-darbeden-saniga-1-yil-5-gun-hapis-cezasi\/"},"modified":"2025-09-30T10:37:56","modified_gmt":"2025-09-30T10:37:56","slug":"marmarayda-cocuklarinin-yaninda-babayi-darbeden-saniga-1-yil-5-gun-hapis-cezasi","status":"publish","type":"post","link":"https:\/\/www.abchukuk.com\/index.php\/2025\/09\/30\/marmarayda-cocuklarinin-yaninda-babayi-darbeden-saniga-1-yil-5-gun-hapis-cezasi\/","title":{"rendered":"Marmaray&#8217;da \u00e7ocuklar\u0131n\u0131n yan\u0131nda babay\u0131 darbeden san\u0131\u011fa 1 y\u0131l 5 g\u00fcn hapis cezas\u0131"},"content":{"rendered":"<p>Marmaray\u2019da iki \u00e7ocu\u011funun yan\u0131nda yolcuya yumruk atarak burnunu k\u0131rd\u0131\u011f\u0131 iddias\u0131yla yarg\u0131lanan Ekrem Dur, ilk duru\u015fmada \u201chaks\u0131z tahrik alt\u0131nda kasten yaralama\u201d su\u00e7undan 1 y\u0131l 5 g\u00fcn hapis cezas\u0131na \u00e7arpt\u0131r\u0131ld\u0131. Mahkeme, h\u00fckm\u00fcn a\u00e7\u0131klanmas\u0131n\u0131 geri b\u0131rakarak san\u0131\u011f\u0131n 5 y\u0131l denetim alt\u0131nda tutulmas\u0131na karar verdi.Marmaray\u2019da iki \u00e7ocu\u011funun yan\u0131nda yolcuya yumruk atarak burnunu k\u0131rd\u0131\u011f\u0131 iddias\u0131yla yarg\u0131lanan Ekrem Dur, ilk duru\u015fmada \u201chaks\u0131z tahrik alt\u0131nda kasten yaralama\u201d su\u00e7undan 1 y\u0131l 5 g\u00fcn hapis cezas\u0131na \u00e7arpt\u0131r\u0131ld\u0131. Mahkeme, h\u00fckm\u00fcn a\u00e7\u0131klanmas\u0131n\u0131 geri b\u0131rakarak san\u0131\u011f\u0131n 5 y\u0131l denetim alt\u0131nda tutulmas\u0131na karar verdi.\u00a0<a href=\"https:\/\/anlatilaninotesi.com.tr\/20250930\/marmarayda-cocuklarinin-yaninda-babayi-darbeden-saniga-1-yil-5-gun-hapis-cezasi-1099788816.html\" target=\"_blank\" class=\"feedzy-rss-link-icon\">Read More<\/a><\/p>","protected":false},"excerpt":{"rendered":"<p>Marmaray\u2019da iki \u00e7ocu\u011funun yan\u0131nda yolcuya yumruk atarak burnunu k\u0131rd\u0131\u011f\u0131 iddias\u0131yla yarg\u0131lanan Ekrem Dur, ilk duru\u015fmada \u201chaks\u0131z tahrik alt\u0131nda kasten yaralama\u201d su\u00e7undan 1 y\u0131l 5 g\u00fcn hapis cezas\u0131na \u00e7arpt\u0131r\u0131ld\u0131. Mahkeme, h\u00fckm\u00fcn a\u00e7\u0131klanmas\u0131n\u0131 geri b\u0131rakarak san\u0131\u011f\u0131n 5 y\u0131l denetim alt\u0131nda tutulmas\u0131na karar verdi.Marmaray\u2019da iki \u00e7ocu\u011funun yan\u0131nda yolcuya yumruk atarak burnunu k\u0131rd\u0131\u011f\u0131 iddias\u0131yla yarg\u0131lanan Ekrem Dur, ilk duru\u015fmada [&hellip;]<\/p>\n","protected":false},"author":1,"featured_media":0,"comment_status":"open","ping_status":"open","sticky":false,"template":"","format":"standard","meta":{"footnotes":"","_links_to":"","_links_to_target":""},"categories":[1],"tags":[],"class_list":["post-6729","post","type-post","status-publish","format-standard","hentry","category-haberler"],"_links":{"self":[{"href":"https:\/\/www.abchukuk.com\/index.php\/wp-json\/wp\/v2\/posts\/6729","targetHints":{"allow":["GET"]}}],"collection":[{"href":"https:\/\/www.abchukuk.com\/index.php\/wp-json\/wp\/v2\/posts"}],"about":[{"href":"https:\/\/www.abchukuk.com\/index.php\/wp-json\/wp\/v2\/types\/post"}],"author":[{"embeddable":true,"href":"https:\/\/www.abchukuk.com\/index.php\/wp-json\/wp\/v2\/users\/1"}],"replies":[{"embeddable":true,"href":"https:\/\/www.abchukuk.com\/index.php\/wp-json\/wp\/v2\/comments?post=6729"}],"version-history":[{"count":0,"href":"https:\/\/www.abchukuk.com\/index.php\/wp-json\/wp\/v2\/posts\/6729\/revisions"}],"wp:attachment":[{"href":"https:\/\/www.abchukuk.com\/index.php\/wp-json\/wp\/v2\/media?parent=6729"}],"wp:term":[{"taxonomy":"category","embeddable":true,"href":"https:\/\/www.abchukuk.com\/index.php\/wp-json\/wp\/v2\/categories?post=6729"},{"taxonomy":"post_tag","embeddable":true,"href":"https:\/\/www.abchukuk.com\/index.php\/wp-json\/wp\/v2\/tags?post=6729"}],"curies":[{"name":"wp","href":"https:\/\/api.w.org\/{rel}","templated":true}]}}