{"id":6706,"date":"2025-09-30T01:00:00","date_gmt":"2025-09-30T01:00:00","guid":{"rendered":"https:\/\/www.abchukuk.com\/index.php\/2025\/09\/30\/yuksek-secim-kurulunun-kararinin-arkasinda-durmasi-yeni-hukuksuzlugun-onune-gecti-mazbatayi-geri-aldi\/"},"modified":"2025-09-30T01:00:00","modified_gmt":"2025-09-30T01:00:00","slug":"yuksek-secim-kurulunun-kararinin-arkasinda-durmasi-yeni-hukuksuzlugun-onune-gecti-mazbatayi-geri-aldi","status":"publish","type":"post","link":"https:\/\/www.abchukuk.com\/index.php\/2025\/09\/30\/yuksek-secim-kurulunun-kararinin-arkasinda-durmasi-yeni-hukuksuzlugun-onune-gecti-mazbatayi-geri-aldi\/","title":{"rendered":"Y\u00fcksek Se\u00e7im Kurulu\u2019nun karar\u0131n\u0131n arkas\u0131nda durmas\u0131 yeni hukuksuzlu\u011fun \u00f6n\u00fcne ge\u00e7ti: Mazbatay\u0131 geri ald\u0131!"},"content":{"rendered":"<p>\u00d6nceden duyuruldu\u011fu gibi saat 15.00\u2019te Sar\u0131yer 1. \u0130l\u00e7e Se\u00e7im Kurulu Ba\u015fkanl\u0131\u011f\u0131\u2019na giden \u00c7elik, Sar\u0131yer Kaymakaml\u0131\u011f\u0131\u2019nda yakla\u015f\u0131k 1.5 saat bekletildi.\u00d6nceden duyuruldu\u011fu gibi saat 15.00\u2019te Sar\u0131yer 1. \u0130l\u00e7e Se\u00e7im Kurulu Ba\u015fkanl\u0131\u011f\u0131\u2019na giden \u00c7elik, Sar\u0131yer Kaymakaml\u0131\u011f\u0131\u2019nda yakla\u015f\u0131k 1.5 saat bekletildi.\u00a0<a href=\"https:\/\/www.cumhuriyet.com.tr\/turkiye\/yuksek-secim-kurulu-nun-kararinin-arkasinda-durmasi-yeni-hukuksuzlugun-onune-gecti-mazbatayi-geri-aldi-2439369\" target=\"_blank\" class=\"feedzy-rss-link-icon\">Read More<\/a><\/p>","protected":false},"excerpt":{"rendered":"<p>\u00d6nceden duyuruldu\u011fu gibi saat 15.00\u2019te Sar\u0131yer 1. \u0130l\u00e7e Se\u00e7im Kurulu Ba\u015fkanl\u0131\u011f\u0131\u2019na giden \u00c7elik, Sar\u0131yer Kaymakaml\u0131\u011f\u0131\u2019nda yakla\u015f\u0131k 1.5 saat bekletildi.\u00d6nceden duyuruldu\u011fu gibi saat 15.00\u2019te Sar\u0131yer 1. \u0130l\u00e7e Se\u00e7im Kurulu Ba\u015fkanl\u0131\u011f\u0131\u2019na giden \u00c7elik, Sar\u0131yer Kaymakaml\u0131\u011f\u0131\u2019nda yakla\u015f\u0131k 1.5 saat bekletildi.\u00a0Read More<\/p>\n","protected":false},"author":1,"featured_media":6707,"comment_status":"open","ping_status":"open","sticky":false,"template":"","format":"standard","meta":{"footnotes":"","_links_to":"","_links_to_target":""},"categories":[1],"tags":[],"class_list":["post-6706","post","type-post","status-publish","format-standard","has-post-thumbnail","hentry","category-haberler"],"_links":{"self":[{"href":"https:\/\/www.abchukuk.com\/index.php\/wp-json\/wp\/v2\/posts\/6706","targetHints":{"allow":["GET"]}}],"collection":[{"href":"https:\/\/www.abchukuk.com\/index.php\/wp-json\/wp\/v2\/posts"}],"about":[{"href":"https:\/\/www.abchukuk.com\/index.php\/wp-json\/wp\/v2\/types\/post"}],"author":[{"embeddable":true,"href":"https:\/\/www.abchukuk.com\/index.php\/wp-json\/wp\/v2\/users\/1"}],"replies":[{"embeddable":true,"href":"https:\/\/www.abchukuk.com\/index.php\/wp-json\/wp\/v2\/comments?post=6706"}],"version-history":[{"count":0,"href":"https:\/\/www.abchukuk.com\/index.php\/wp-json\/wp\/v2\/posts\/6706\/revisions"}],"wp:featuredmedia":[{"embeddable":true,"href":"https:\/\/www.abchukuk.com\/index.php\/wp-json\/wp\/v2\/media\/6707"}],"wp:attachment":[{"href":"https:\/\/www.abchukuk.com\/index.php\/wp-json\/wp\/v2\/media?parent=6706"}],"wp:term":[{"taxonomy":"category","embeddable":true,"href":"https:\/\/www.abchukuk.com\/index.php\/wp-json\/wp\/v2\/categories?post=6706"},{"taxonomy":"post_tag","embeddable":true,"href":"https:\/\/www.abchukuk.com\/index.php\/wp-json\/wp\/v2\/tags?post=6706"}],"curies":[{"name":"wp","href":"https:\/\/api.w.org\/{rel}","templated":true}]}}