{"id":6698,"date":"2025-09-29T13:39:49","date_gmt":"2025-09-29T13:39:49","guid":{"rendered":"https:\/\/www.abchukuk.com\/index.php\/2025\/09\/29\/tepki-ceken-goruntunun-ardindan-gozaltina-alindilar\/"},"modified":"2025-09-29T13:39:49","modified_gmt":"2025-09-29T13:39:49","slug":"tepki-ceken-goruntunun-ardindan-gozaltina-alindilar","status":"publish","type":"post","link":"https:\/\/www.abchukuk.com\/index.php\/2025\/09\/29\/tepki-ceken-goruntunun-ardindan-gozaltina-alindilar\/","title":{"rendered":"Tepki \u00e7eken g\u00f6r\u00fcnt\u00fcn\u00fcn ard\u0131ndan g\u00f6zalt\u0131na al\u0131nd\u0131lar!"},"content":{"rendered":"<p>Bursa&#8217;da tepki \u00e7eken bir g\u00f6r\u00fcnt\u00fc kaydedildi. Kentin \u0130neg\u00f6l il\u00e7esinde bir d\u00fc\u011f\u00fcnde kaydedilen g\u00f6r\u00fcnt\u00fclerde bir grup, av t\u00fcfe\u011fi ve tabancayla havaya ate\u015f a\u00e7t\u0131. O anlar cep telefonu kameras\u0131yla kaydedildi. Olay\u0131n ard\u0131ndan 5 \u015f\u00fcpheli g\u00f6zalt\u0131na al\u0131nd\u0131Bursa&#8217;da tepki \u00e7eken bir g\u00f6r\u00fcnt\u00fc kaydedildi. Kentin \u0130neg\u00f6l il\u00e7esinde bir d\u00fc\u011f\u00fcnde kaydedilen g\u00f6r\u00fcnt\u00fclerde bir grup, av t\u00fcfe\u011fi ve tabancayla havaya ate\u015f a\u00e7t\u0131. O anlar cep telefonu kameras\u0131yla kaydedildi. Olay\u0131n ard\u0131ndan 5 \u015f\u00fcpheli g\u00f6zalt\u0131na al\u0131nd\u0131\u00a0<a href=\"https:\/\/www.haberturk.com\/bursa-da-dugunde-kaydedildi-tepki-ceken-goruntunun-ardindan-gozaltina-alindilar-3826220\" target=\"_blank\" class=\"feedzy-rss-link-icon\">Read More<\/a><\/p>","protected":false},"excerpt":{"rendered":"<p>Bursa&#8217;da tepki \u00e7eken bir g\u00f6r\u00fcnt\u00fc kaydedildi. Kentin \u0130neg\u00f6l il\u00e7esinde bir d\u00fc\u011f\u00fcnde kaydedilen g\u00f6r\u00fcnt\u00fclerde bir grup, av t\u00fcfe\u011fi ve tabancayla havaya ate\u015f a\u00e7t\u0131. O anlar cep telefonu kameras\u0131yla kaydedildi. Olay\u0131n ard\u0131ndan 5 \u015f\u00fcpheli g\u00f6zalt\u0131na al\u0131nd\u0131Bursa&#8217;da tepki \u00e7eken bir g\u00f6r\u00fcnt\u00fc kaydedildi. Kentin \u0130neg\u00f6l il\u00e7esinde bir d\u00fc\u011f\u00fcnde kaydedilen g\u00f6r\u00fcnt\u00fclerde bir grup, av t\u00fcfe\u011fi ve tabancayla havaya ate\u015f a\u00e7t\u0131. [&hellip;]<\/p>\n","protected":false},"author":1,"featured_media":0,"comment_status":"open","ping_status":"open","sticky":false,"template":"","format":"standard","meta":{"footnotes":"","_links_to":"","_links_to_target":""},"categories":[1],"tags":[],"class_list":["post-6698","post","type-post","status-publish","format-standard","hentry","category-haberler"],"_links":{"self":[{"href":"https:\/\/www.abchukuk.com\/index.php\/wp-json\/wp\/v2\/posts\/6698","targetHints":{"allow":["GET"]}}],"collection":[{"href":"https:\/\/www.abchukuk.com\/index.php\/wp-json\/wp\/v2\/posts"}],"about":[{"href":"https:\/\/www.abchukuk.com\/index.php\/wp-json\/wp\/v2\/types\/post"}],"author":[{"embeddable":true,"href":"https:\/\/www.abchukuk.com\/index.php\/wp-json\/wp\/v2\/users\/1"}],"replies":[{"embeddable":true,"href":"https:\/\/www.abchukuk.com\/index.php\/wp-json\/wp\/v2\/comments?post=6698"}],"version-history":[{"count":0,"href":"https:\/\/www.abchukuk.com\/index.php\/wp-json\/wp\/v2\/posts\/6698\/revisions"}],"wp:attachment":[{"href":"https:\/\/www.abchukuk.com\/index.php\/wp-json\/wp\/v2\/media?parent=6698"}],"wp:term":[{"taxonomy":"category","embeddable":true,"href":"https:\/\/www.abchukuk.com\/index.php\/wp-json\/wp\/v2\/categories?post=6698"},{"taxonomy":"post_tag","embeddable":true,"href":"https:\/\/www.abchukuk.com\/index.php\/wp-json\/wp\/v2\/tags?post=6698"}],"curies":[{"name":"wp","href":"https:\/\/api.w.org\/{rel}","templated":true}]}}