{"id":6693,"date":"2025-09-29T19:14:20","date_gmt":"2025-09-29T19:14:20","guid":{"rendered":"https:\/\/www.abchukuk.com\/index.php\/2025\/09\/29\/mujdeyi-cumhurbaskani-erdogan-verdi-1000-hakim-savci-yardimcisinin-alinacak\/"},"modified":"2025-09-29T19:14:20","modified_gmt":"2025-09-29T19:14:20","slug":"mujdeyi-cumhurbaskani-erdogan-verdi-1000-hakim-savci-yardimcisinin-alinacak","status":"publish","type":"post","link":"https:\/\/www.abchukuk.com\/index.php\/2025\/09\/29\/mujdeyi-cumhurbaskani-erdogan-verdi-1000-hakim-savci-yardimcisinin-alinacak\/","title":{"rendered":"M\u00fcjdeyi, Cumhurba\u015fkan\u0131 Erdo\u011fan verdi! 1000 h\u00e2kim-savc\u0131 yard\u0131mc\u0131s\u0131n\u0131n al\u0131nacaK"},"content":{"rendered":"<p class=\"p1\">Cumhurba\u015fkan\u0131 Recep Tayyip Erdo\u011fan, Kabine Toplant\u0131s\u0131\u2019n\u0131n ard\u0131ndan yapt\u0131\u011f\u0131 a\u00e7\u0131klamada 1000 h\u00e2kim-savc\u0131 yard\u0131mc\u0131s\u0131 al\u0131m\u0131 yap\u0131laca\u011f\u0131n\u0131 duyurdu. Adalet Bakan\u0131 Y\u0131lmaz Tun\u00e7, s\u00f6z konusu s\u0131nav\u0131n 20-21 Aral\u0131k 2025 tarihlerinde ger\u00e7ekle\u015ftirilece\u011fini a\u00e7\u0131klad\u0131.<\/p>\n<p class=\"p1\"><span class=\"s1\">YEN\u0130 ALIMLA TE\u015eK\u0130LAT G\u00dc\u00c7LENECEK<\/span><\/p>\n<p class=\"p1\"><span class=\"s1\">Bakan Tun\u00e7, s\u0131navla al\u0131nacak yeni h\u00e2kim-savc\u0131 yard\u0131mc\u0131lar\u0131n\u0131n adalet te\u015fkilat\u0131na \u00f6nemli katk\u0131 sa\u011flayaca\u011f\u0131n\u0131 belirtti. Cumhurba\u015fkan\u0131 Erdo\u011fan\u2019\u0131n g\u00fc\u00e7l\u00fc liderli\u011fiyle son 2 y\u0131lda 3 bin 369 h\u00e2kim-savc\u0131n\u0131n atand\u0131\u011f\u0131n\u0131 ve 2 bin 76 h\u00e2kim-savc\u0131 yard\u0131mc\u0131s\u0131n\u0131n te\u015fkilata d\u00e2hil edildi\u011fini hat\u0131rlatt\u0131. Rakamlarla geli\u015fmeleri payla\u015fan Tun\u00e7, 2002\u2019de 9 bin 349 olan h\u00e2kim-savc\u0131 say\u0131s\u0131n\u0131n bug\u00fcn 25 bin 695\u2019e ula\u015ft\u0131\u011f\u0131n\u0131 vurgulad\u0131.<\/span><\/p>\n<p class=\"p1\"><span class=\"s1\">\u201cADIMLARIMIZI KARARLILIKLA ATMAYA DEVAM EDECE\u011e\u0130Z\u201d<\/span><\/p>\n<p class=\"p1\"><span class=\"s1\">T\u00fcrkiye Y\u00fczy\u0131l\u0131\u2019n\u0131, Adaletin Y\u00fczy\u0131l\u0131 yapmak i\u00e7in ad\u0131mlar\u0131 kararl\u0131l\u0131kla atmaya devam edeceklerini vurgulayan Tun\u00e7 \u201cVatanda\u015flar\u0131m\u0131z\u0131n adalet hizmetlerinden memnuniyetini zirveye \u00e7\u0131karmak i\u00e7in insan kayna\u011f\u0131m\u0131z\u0131 g\u00fc\u00e7lendirmeye, mevzuat\u0131m\u0131z\u0131 toplumun ihtiyac\u0131na g\u00f6re uyarlamaya, fiziki ve teknolojik imkanlar\u0131 yarg\u0131n\u0131n hizmetine en etkin \u015fekilde sunmaya devam edece\u011fiz. Hukukun \u00fcst\u00fcnl\u00fc\u011f\u00fcn\u00fc esas alan, gecikmeyen ve \u00f6ng\u00f6r\u00fclebilir bir adalet sistemi vizyonuyla y\u00fcr\u00fctt\u00fc\u011f\u00fcm\u00fcz \u00e7al\u0131\u015fmalarda deste\u011fini hi\u00e7bir zaman esirgemeyen Cumhurba\u015fkan\u0131m\u0131z Say\u0131n Recep Tayyip Erdo\u011fan\u2019a \u015f\u00fckranlar\u0131m\u0131z\u0131 sunuyoruz. Kutsal bir mesle\u011fi icra edecek olan h\u00e2kim-savc\u0131 yard\u0131mc\u0131lar\u0131m\u0131za adaletin tecellisi yolunda \u015fimdiden ba\u015far\u0131lar diliyorum. Adalet te\u015fkilat\u0131m\u0131za, yarg\u0131 camiam\u0131za, \u00fclkemize ve milletimize hay\u0131rl\u0131 olsun\u201d ifadelerini kulland\u0131. <\/span><\/p>\n<p>Cumhurba\u015fkan\u0131 Recep Tayyip Erdo\u011fan, Kabine Toplant\u0131s\u0131 sonras\u0131 1000 h\u00e2kim-savc\u0131 yard\u0131mc\u0131s\u0131n\u0131n al\u0131naca\u011f\u0131n\u0131 a\u00e7\u0131klad\u0131. Adalet Bakan\u0131 Y\u0131lmaz Tun\u00e7, s\u0131nav\u0131n 20-21 Aral\u0131k 2025\u2019te yap\u0131laca\u011f\u0131n\u0131 belirterek son 2 y\u0131lda 3 bin 369 h\u00e2kim-savc\u0131 atamas\u0131 ve 2 bin 76 h\u00e2kim-savc\u0131 yard\u0131mc\u0131s\u0131n\u0131n g\u00f6reve ba\u015flad\u0131\u011f\u0131n\u0131, h\u00e2kim-savc\u0131 say\u0131s\u0131n\u0131n ise 2002\u2019den bu yana 25 bin 695\u2019e y\u00fckseldi\u011fini s\u00f6yledi.\u00a0<a href=\"https:\/\/www.son.tv\/mujdeyi-cumhurbaskani-erdogan-verdi-1000-hakim-savci-yardimcisinin-alinacak\/\" target=\"_blank\" class=\"feedzy-rss-link-icon\">Read More<\/a><\/p>","protected":false},"excerpt":{"rendered":"<p>Cumhurba\u015fkan\u0131 Recep Tayyip Erdo\u011fan, Kabine Toplant\u0131s\u0131\u2019n\u0131n ard\u0131ndan yapt\u0131\u011f\u0131 a\u00e7\u0131klamada 1000 h\u00e2kim-savc\u0131 yard\u0131mc\u0131s\u0131 al\u0131m\u0131 yap\u0131laca\u011f\u0131n\u0131 duyurdu. Adalet Bakan\u0131 Y\u0131lmaz Tun\u00e7, s\u00f6z konusu s\u0131nav\u0131n 20-21 Aral\u0131k 2025 tarihlerinde ger\u00e7ekle\u015ftirilece\u011fini a\u00e7\u0131klad\u0131. YEN\u0130 ALIMLA TE\u015eK\u0130LAT G\u00dc\u00c7LENECEK Bakan Tun\u00e7, s\u0131navla al\u0131nacak yeni h\u00e2kim-savc\u0131 yard\u0131mc\u0131lar\u0131n\u0131n adalet te\u015fkilat\u0131na \u00f6nemli katk\u0131 sa\u011flayaca\u011f\u0131n\u0131 belirtti. Cumhurba\u015fkan\u0131 Erdo\u011fan\u2019\u0131n g\u00fc\u00e7l\u00fc liderli\u011fiyle son 2 y\u0131lda 3 bin 369 [&hellip;]<\/p>\n","protected":false},"author":1,"featured_media":0,"comment_status":"open","ping_status":"open","sticky":false,"template":"","format":"standard","meta":{"footnotes":"","_links_to":"","_links_to_target":""},"categories":[1],"tags":[],"class_list":["post-6693","post","type-post","status-publish","format-standard","hentry","category-haberler"],"_links":{"self":[{"href":"https:\/\/www.abchukuk.com\/index.php\/wp-json\/wp\/v2\/posts\/6693","targetHints":{"allow":["GET"]}}],"collection":[{"href":"https:\/\/www.abchukuk.com\/index.php\/wp-json\/wp\/v2\/posts"}],"about":[{"href":"https:\/\/www.abchukuk.com\/index.php\/wp-json\/wp\/v2\/types\/post"}],"author":[{"embeddable":true,"href":"https:\/\/www.abchukuk.com\/index.php\/wp-json\/wp\/v2\/users\/1"}],"replies":[{"embeddable":true,"href":"https:\/\/www.abchukuk.com\/index.php\/wp-json\/wp\/v2\/comments?post=6693"}],"version-history":[{"count":0,"href":"https:\/\/www.abchukuk.com\/index.php\/wp-json\/wp\/v2\/posts\/6693\/revisions"}],"wp:attachment":[{"href":"https:\/\/www.abchukuk.com\/index.php\/wp-json\/wp\/v2\/media?parent=6693"}],"wp:term":[{"taxonomy":"category","embeddable":true,"href":"https:\/\/www.abchukuk.com\/index.php\/wp-json\/wp\/v2\/categories?post=6693"},{"taxonomy":"post_tag","embeddable":true,"href":"https:\/\/www.abchukuk.com\/index.php\/wp-json\/wp\/v2\/tags?post=6693"}],"curies":[{"name":"wp","href":"https:\/\/api.w.org\/{rel}","templated":true}]}}