{"id":6688,"date":"2025-09-29T14:48:17","date_gmt":"2025-09-29T14:48:17","guid":{"rendered":"https:\/\/www.abchukuk.com\/index.php\/2025\/09\/29\/irakta-bir-kisiye-rusya-icin-savasci-toplamaktan-muebbet-verildi\/"},"modified":"2025-09-29T14:48:17","modified_gmt":"2025-09-29T14:48:17","slug":"irakta-bir-kisiye-rusya-icin-savasci-toplamaktan-muebbet-verildi","status":"publish","type":"post","link":"https:\/\/www.abchukuk.com\/index.php\/2025\/09\/29\/irakta-bir-kisiye-rusya-icin-savasci-toplamaktan-muebbet-verildi\/","title":{"rendered":"Irak&#8217;ta bir ki\u015fiye Rusya i\u00e7in sava\u015f\u00e7\u0131 toplamaktan m\u00fcebbet verildi"},"content":{"rendered":"<p>Y\u0131l\u0131n ba\u015f\u0131nda Ukraynal\u0131 yetkililer, \u00e7ok say\u0131da \u00c7in vatanda\u015f\u0131n\u0131n Rus ordusunda sava\u015ft\u0131\u011f\u0131n\u0131 \u00f6ne s\u00fcrm\u00fc\u015f ve Moskova\u2019n\u0131n sosyal medya \u00fczerinden toplad\u0131\u011f\u0131 150\u2019den fazla paral\u0131 askere dair istihbarat toplad\u0131klar\u0131n\u0131 a\u00e7\u0131klam\u0131\u015ft\u0131. Pekin ise iddialar\u0131 reddetmi\u015fti.Y\u0131l\u0131n ba\u015f\u0131nda Ukraynal\u0131 yetkililer, \u00e7ok say\u0131da \u00c7in vatanda\u015f\u0131n\u0131n Rus ordusunda sava\u015ft\u0131\u011f\u0131n\u0131 \u00f6ne s\u00fcrm\u00fc\u015f ve Moskova\u2019n\u0131n sosyal medya \u00fczerinden toplad\u0131\u011f\u0131 150\u2019den fazla paral\u0131 askere dair istihbarat toplad\u0131klar\u0131n\u0131 a\u00e7\u0131klam\u0131\u015ft\u0131. Pekin ise iddialar\u0131 reddetmi\u015fti.\u00a0<a href=\"http:\/\/tr.euronews.com\/2025\/09\/29\/irakta-bir-kisiye-rusya-icin-savasci-toplamaktan-muebbet-verildi\" target=\"_blank\" class=\"feedzy-rss-link-icon\">Read More<\/a><\/p>","protected":false},"excerpt":{"rendered":"<p>Y\u0131l\u0131n ba\u015f\u0131nda Ukraynal\u0131 yetkililer, \u00e7ok say\u0131da \u00c7in vatanda\u015f\u0131n\u0131n Rus ordusunda sava\u015ft\u0131\u011f\u0131n\u0131 \u00f6ne s\u00fcrm\u00fc\u015f ve Moskova\u2019n\u0131n sosyal medya \u00fczerinden toplad\u0131\u011f\u0131 150\u2019den fazla paral\u0131 askere dair istihbarat toplad\u0131klar\u0131n\u0131 a\u00e7\u0131klam\u0131\u015ft\u0131. Pekin ise iddialar\u0131 reddetmi\u015fti.Y\u0131l\u0131n ba\u015f\u0131nda Ukraynal\u0131 yetkililer, \u00e7ok say\u0131da \u00c7in vatanda\u015f\u0131n\u0131n Rus ordusunda sava\u015ft\u0131\u011f\u0131n\u0131 \u00f6ne s\u00fcrm\u00fc\u015f ve Moskova\u2019n\u0131n sosyal medya \u00fczerinden toplad\u0131\u011f\u0131 150\u2019den fazla paral\u0131 askere dair istihbarat [&hellip;]<\/p>\n","protected":false},"author":1,"featured_media":0,"comment_status":"open","ping_status":"open","sticky":false,"template":"","format":"standard","meta":{"footnotes":"","_links_to":"","_links_to_target":""},"categories":[1],"tags":[],"class_list":["post-6688","post","type-post","status-publish","format-standard","hentry","category-haberler"],"_links":{"self":[{"href":"https:\/\/www.abchukuk.com\/index.php\/wp-json\/wp\/v2\/posts\/6688","targetHints":{"allow":["GET"]}}],"collection":[{"href":"https:\/\/www.abchukuk.com\/index.php\/wp-json\/wp\/v2\/posts"}],"about":[{"href":"https:\/\/www.abchukuk.com\/index.php\/wp-json\/wp\/v2\/types\/post"}],"author":[{"embeddable":true,"href":"https:\/\/www.abchukuk.com\/index.php\/wp-json\/wp\/v2\/users\/1"}],"replies":[{"embeddable":true,"href":"https:\/\/www.abchukuk.com\/index.php\/wp-json\/wp\/v2\/comments?post=6688"}],"version-history":[{"count":0,"href":"https:\/\/www.abchukuk.com\/index.php\/wp-json\/wp\/v2\/posts\/6688\/revisions"}],"wp:attachment":[{"href":"https:\/\/www.abchukuk.com\/index.php\/wp-json\/wp\/v2\/media?parent=6688"}],"wp:term":[{"taxonomy":"category","embeddable":true,"href":"https:\/\/www.abchukuk.com\/index.php\/wp-json\/wp\/v2\/categories?post=6688"},{"taxonomy":"post_tag","embeddable":true,"href":"https:\/\/www.abchukuk.com\/index.php\/wp-json\/wp\/v2\/tags?post=6688"}],"curies":[{"name":"wp","href":"https:\/\/api.w.org\/{rel}","templated":true}]}}