{"id":6686,"date":"2025-09-29T15:11:00","date_gmt":"2025-09-29T15:11:00","guid":{"rendered":"https:\/\/www.abchukuk.com\/index.php\/2025\/09\/29\/cozum-komisyonunun-13-toplantisinda-hukukcular-dinlenecek-birlik-ve-beraberlik-icin-kurtlere-ozerklik-saglanmali-demisti\/"},"modified":"2025-09-29T15:11:00","modified_gmt":"2025-09-29T15:11:00","slug":"cozum-komisyonunun-13-toplantisinda-hukukcular-dinlenecek-birlik-ve-beraberlik-icin-kurtlere-ozerklik-saglanmali-demisti","status":"publish","type":"post","link":"https:\/\/www.abchukuk.com\/index.php\/2025\/09\/29\/cozum-komisyonunun-13-toplantisinda-hukukcular-dinlenecek-birlik-ve-beraberlik-icin-kurtlere-ozerklik-saglanmali-demisti\/","title":{"rendered":"\u00c7\u00f6z\u00fcm komisyonunun 13. toplant\u0131s\u0131nda hukuk\u00e7ular dinlenecek: \u2018Birlik ve beraberlik i\u00e7in K\u00fcrtlere \u00f6zerklik sa\u011flanmal\u0131\u2019 demi\u015fti"},"content":{"rendered":"<p>Komisyonun 13. toplant\u0131s\u0131nda hukuk dernekleri ve hukuk\u00e7ular\u0131n dinlenece\u011fi a\u00e7\u0131kland\u0131. Bu kapsamda komisyonda 2007 Anayasa tasla\u011f\u0131n\u0131n mimarlar\u0131ndan Prof. Dr. Faz\u0131l H\u00fcsn\u00fc Erdem dinlenecek. Erdem\u2019in yeni anayasa tart\u0131\u015fmas\u0131na ili\u015fkin yak\u0131n zamanda yapt\u0131\u011f\u0131 a\u00e7\u0131klamada; \u201cAtat\u00fcrk K\u00fcrtlere \u00f6zerklik tan\u0131m\u0131\u015ft\u0131, yeni anayasada da bu olabilir\u201d iddias\u0131yla 1921 Anayasas\u0131\u2019na at\u0131f yaparak; \u201cMademki b\u00fct\u00fcnl\u00fc\u011f\u00fc sa\u011flayabilmek i\u00e7in bir \u015feyler yapmam\u0131z gerekiyor, o zaman nas\u0131l ki \u00f6zellik tan\u0131m\u0131\u015fsa bug\u00fcn i\u00e7inde tan\u0131nmas\u0131 gerekiyor\u201d demi\u015fti. Komisyonda dinlenecek Prof. Dr. Abdurrahman Eren ise H\u00dcDA PAR\u2019\u0131n anayasa \u00e7al\u0131\u015ftay\u0131na kat\u0131lm\u0131\u015f ve mevcut anayasay\u0131 &#8216;vesayet kal\u0131nt\u0131s\u0131&#8217; olarak niteleyip TBMM&#8217;nin yeni bir anayasa yapabilece\u011fini savunmu\u015ftu.Komisyonun 13. toplant\u0131s\u0131nda hukuk dernekleri ve hukuk\u00e7ular\u0131n dinlenece\u011fi a\u00e7\u0131kland\u0131. Bu kapsamda komisyonda 2007 Anayasa tasla\u011f\u0131n\u0131n mimarlar\u0131ndan Prof. Dr. Faz\u0131l H\u00fcsn\u00fc Erdem dinlenecek. Erdem\u2019in yeni anayasa tart\u0131\u015fmas\u0131na ili\u015fkin yak\u0131n zamanda yapt\u0131\u011f\u0131 a\u00e7\u0131klamada; \u201cAtat\u00fcrk K\u00fcrtlere \u00f6zerklik tan\u0131m\u0131\u015ft\u0131, yeni anayasada da bu olabilir\u201d iddias\u0131yla 1921 Anayasas\u0131\u2019na at\u0131f yaparak; \u201cMademki b\u00fct\u00fcnl\u00fc\u011f\u00fc sa\u011flayabilmek i\u00e7in bir \u015feyler yapmam\u0131z gerekiyor, o zaman nas\u0131l ki \u00f6zellik tan\u0131m\u0131\u015fsa bug\u00fcn i\u00e7inde tan\u0131nmas\u0131 gerekiyor\u201d demi\u015fti. Komisyonda dinlenecek Prof. Dr. Abdurrahman Eren ise H\u00dcDA PAR\u2019\u0131n anayasa \u00e7al\u0131\u015ftay\u0131na kat\u0131lm\u0131\u015f ve mevcut anayasay\u0131 &#8216;vesayet kal\u0131nt\u0131s\u0131&#8217; olarak niteleyip TBMM&#8217;nin yeni bir anayasa yapabilece\u011fini savunmu\u015ftu.\u00a0<a href=\"https:\/\/www.cumhuriyet.com.tr\/siyaset\/cozum-komisyonunun-13-toplantisinda-hukukcular-dinlenecek-birlik-ve-beraberlik-icin-kurtlere-ozerklik-saglanmali-demisti-2439294\" target=\"_blank\" class=\"feedzy-rss-link-icon\">Read More<\/a><\/p>","protected":false},"excerpt":{"rendered":"<p>Komisyonun 13. toplant\u0131s\u0131nda hukuk dernekleri ve hukuk\u00e7ular\u0131n dinlenece\u011fi a\u00e7\u0131kland\u0131. Bu kapsamda komisyonda 2007 Anayasa tasla\u011f\u0131n\u0131n mimarlar\u0131ndan Prof. Dr. Faz\u0131l H\u00fcsn\u00fc Erdem dinlenecek. Erdem\u2019in yeni anayasa tart\u0131\u015fmas\u0131na ili\u015fkin yak\u0131n zamanda yapt\u0131\u011f\u0131 a\u00e7\u0131klamada; \u201cAtat\u00fcrk K\u00fcrtlere \u00f6zerklik tan\u0131m\u0131\u015ft\u0131, yeni anayasada da bu olabilir\u201d iddias\u0131yla 1921 Anayasas\u0131\u2019na at\u0131f yaparak; \u201cMademki b\u00fct\u00fcnl\u00fc\u011f\u00fc sa\u011flayabilmek i\u00e7in bir \u015feyler yapmam\u0131z gerekiyor, o zaman [&hellip;]<\/p>\n","protected":false},"author":1,"featured_media":6687,"comment_status":"open","ping_status":"open","sticky":false,"template":"","format":"standard","meta":{"footnotes":"","_links_to":"","_links_to_target":""},"categories":[1],"tags":[],"class_list":["post-6686","post","type-post","status-publish","format-standard","has-post-thumbnail","hentry","category-haberler"],"_links":{"self":[{"href":"https:\/\/www.abchukuk.com\/index.php\/wp-json\/wp\/v2\/posts\/6686","targetHints":{"allow":["GET"]}}],"collection":[{"href":"https:\/\/www.abchukuk.com\/index.php\/wp-json\/wp\/v2\/posts"}],"about":[{"href":"https:\/\/www.abchukuk.com\/index.php\/wp-json\/wp\/v2\/types\/post"}],"author":[{"embeddable":true,"href":"https:\/\/www.abchukuk.com\/index.php\/wp-json\/wp\/v2\/users\/1"}],"replies":[{"embeddable":true,"href":"https:\/\/www.abchukuk.com\/index.php\/wp-json\/wp\/v2\/comments?post=6686"}],"version-history":[{"count":0,"href":"https:\/\/www.abchukuk.com\/index.php\/wp-json\/wp\/v2\/posts\/6686\/revisions"}],"wp:featuredmedia":[{"embeddable":true,"href":"https:\/\/www.abchukuk.com\/index.php\/wp-json\/wp\/v2\/media\/6687"}],"wp:attachment":[{"href":"https:\/\/www.abchukuk.com\/index.php\/wp-json\/wp\/v2\/media?parent=6686"}],"wp:term":[{"taxonomy":"category","embeddable":true,"href":"https:\/\/www.abchukuk.com\/index.php\/wp-json\/wp\/v2\/categories?post=6686"},{"taxonomy":"post_tag","embeddable":true,"href":"https:\/\/www.abchukuk.com\/index.php\/wp-json\/wp\/v2\/tags?post=6686"}],"curies":[{"name":"wp","href":"https:\/\/api.w.org\/{rel}","templated":true}]}}