{"id":6679,"date":"2025-09-29T13:43:00","date_gmt":"2025-09-29T13:43:00","guid":{"rendered":"https:\/\/www.abchukuk.com\/index.php\/2025\/09\/29\/olumu-tartisilan-gullunun-avukatlarindan-aciklama-geldi-spekulatif-haberlerin-infial-yaratmamasi-adina\/"},"modified":"2025-09-29T13:43:00","modified_gmt":"2025-09-29T13:43:00","slug":"olumu-tartisilan-gullunun-avukatlarindan-aciklama-geldi-spekulatif-haberlerin-infial-yaratmamasi-adina","status":"publish","type":"post","link":"https:\/\/www.abchukuk.com\/index.php\/2025\/09\/29\/olumu-tartisilan-gullunun-avukatlarindan-aciklama-geldi-spekulatif-haberlerin-infial-yaratmamasi-adina\/","title":{"rendered":"\u00d6l\u00fcm\u00fc tart\u0131\u015f\u0131lan G\u00fcll\u00fc&#8217;n\u00fcn avukatlar\u0131ndan a\u00e7\u0131klama geldi: &#8216;Spek\u00fclatif haberlerin infial yaratmamas\u0131 ad\u0131na&#8230;&#8217;"},"content":{"rendered":"<p>Yalova&#8217;da evinin teras\u0131ndan d\u00fc\u015ferek hayat\u0131n\u0131 kaybeden \u015fark\u0131c\u0131 G\u00fcll\u00fc&#8217;n\u00fcn \u00f6l\u00fcm\u00fc, g\u00fcnlerdir kamuoyunun \u00f6ne \u00e7\u0131kan g\u00fcndem maddelerinden biri olmaya devam ediyor. Son olarak \u00fcnl\u00fc sanat\u00e7\u0131n\u0131n avukatlar\u0131ndan a\u00e7\u0131klama geldi.Yalova&#8217;da evinin teras\u0131ndan d\u00fc\u015ferek hayat\u0131n\u0131 kaybeden \u015fark\u0131c\u0131 G\u00fcll\u00fc&#8217;n\u00fcn \u00f6l\u00fcm\u00fc, g\u00fcnlerdir kamuoyunun \u00f6ne \u00e7\u0131kan g\u00fcndem maddelerinden biri olmaya devam ediyor. Son olarak \u00fcnl\u00fc sanat\u00e7\u0131n\u0131n avukatlar\u0131ndan a\u00e7\u0131klama geldi.\u00a0<a href=\"https:\/\/www.cumhuriyet.com.tr\/turkiye\/olumu-tartisilan-gullu-nun-avukatlarindan-aciklama-geldi-spekulatif-haberlerin-infial-yaratmamasi-adina-2439266\" target=\"_blank\" class=\"feedzy-rss-link-icon\">Read More<\/a><\/p>","protected":false},"excerpt":{"rendered":"<p>Yalova&#8217;da evinin teras\u0131ndan d\u00fc\u015ferek hayat\u0131n\u0131 kaybeden \u015fark\u0131c\u0131 G\u00fcll\u00fc&#8217;n\u00fcn \u00f6l\u00fcm\u00fc, g\u00fcnlerdir kamuoyunun \u00f6ne \u00e7\u0131kan g\u00fcndem maddelerinden biri olmaya devam ediyor. Son olarak \u00fcnl\u00fc sanat\u00e7\u0131n\u0131n avukatlar\u0131ndan a\u00e7\u0131klama geldi.Yalova&#8217;da evinin teras\u0131ndan d\u00fc\u015ferek hayat\u0131n\u0131 kaybeden \u015fark\u0131c\u0131 G\u00fcll\u00fc&#8217;n\u00fcn \u00f6l\u00fcm\u00fc, g\u00fcnlerdir kamuoyunun \u00f6ne \u00e7\u0131kan g\u00fcndem maddelerinden biri olmaya devam ediyor. Son olarak \u00fcnl\u00fc sanat\u00e7\u0131n\u0131n avukatlar\u0131ndan a\u00e7\u0131klama geldi.\u00a0Read More<\/p>\n","protected":false},"author":1,"featured_media":6680,"comment_status":"open","ping_status":"open","sticky":false,"template":"","format":"standard","meta":{"footnotes":"","_links_to":"","_links_to_target":""},"categories":[1],"tags":[],"class_list":["post-6679","post","type-post","status-publish","format-standard","has-post-thumbnail","hentry","category-haberler"],"_links":{"self":[{"href":"https:\/\/www.abchukuk.com\/index.php\/wp-json\/wp\/v2\/posts\/6679","targetHints":{"allow":["GET"]}}],"collection":[{"href":"https:\/\/www.abchukuk.com\/index.php\/wp-json\/wp\/v2\/posts"}],"about":[{"href":"https:\/\/www.abchukuk.com\/index.php\/wp-json\/wp\/v2\/types\/post"}],"author":[{"embeddable":true,"href":"https:\/\/www.abchukuk.com\/index.php\/wp-json\/wp\/v2\/users\/1"}],"replies":[{"embeddable":true,"href":"https:\/\/www.abchukuk.com\/index.php\/wp-json\/wp\/v2\/comments?post=6679"}],"version-history":[{"count":0,"href":"https:\/\/www.abchukuk.com\/index.php\/wp-json\/wp\/v2\/posts\/6679\/revisions"}],"wp:featuredmedia":[{"embeddable":true,"href":"https:\/\/www.abchukuk.com\/index.php\/wp-json\/wp\/v2\/media\/6680"}],"wp:attachment":[{"href":"https:\/\/www.abchukuk.com\/index.php\/wp-json\/wp\/v2\/media?parent=6679"}],"wp:term":[{"taxonomy":"category","embeddable":true,"href":"https:\/\/www.abchukuk.com\/index.php\/wp-json\/wp\/v2\/categories?post=6679"},{"taxonomy":"post_tag","embeddable":true,"href":"https:\/\/www.abchukuk.com\/index.php\/wp-json\/wp\/v2\/tags?post=6679"}],"curies":[{"name":"wp","href":"https:\/\/api.w.org\/{rel}","templated":true}]}}