{"id":6673,"date":"2025-09-29T11:16:00","date_gmt":"2025-09-29T11:16:00","guid":{"rendered":"https:\/\/www.abchukuk.com\/index.php\/2025\/09\/29\/egitim-isten-gozaltilara-tepki-universiteler-kusatma-altinda\/"},"modified":"2025-09-29T11:16:00","modified_gmt":"2025-09-29T11:16:00","slug":"egitim-isten-gozaltilara-tepki-universiteler-kusatma-altinda","status":"publish","type":"post","link":"https:\/\/www.abchukuk.com\/index.php\/2025\/09\/29\/egitim-isten-gozaltilara-tepki-universiteler-kusatma-altinda\/","title":{"rendered":"E\u011fitim \u0130\u015f\u2019ten g\u00f6zalt\u0131lara tepki: \u00dcniversiteler ku\u015fatma alt\u0131nda"},"content":{"rendered":"<p>Ege \u00dcniversitesi\u2019de \u00f6\u011frencilerin stant kurduklar\u0131 i\u00e7in g\u00f6zalt\u0131na al\u0131nmas\u0131na tepkiler s\u00fcrerken E\u011fitim \u0130\u015f \u00fcyeleri, Kamp\u00fcs giri\u015finde \u201c\u00dcniversitelerimizi ku\u015fatan karanl\u0131\u011fa teslim olmayaca\u011f\u0131z\u201d ba\u015fl\u0131kl\u0131 bir bas\u0131n a\u00e7\u0131klamas\u0131 yapt\u0131. \u201cBug\u00fcn \u00fcniversitelerimiz, Cumhuriyet tarihinin en a\u011f\u0131r ku\u015fatmas\u0131 alt\u0131ndad\u0131r\u201d diyen yapan E\u011fitim \u0130\u015f \u00fcyelerine \u00c7a\u011fda\u015f Ya\u015fam\u0131 Destekleme Derne\u011fi \u0130zmir \u015eubesi de destek verdi. E\u011fitim-\u0130\u015f 4 No&#8217;lu Y\u00fcksek\u00f6\u011fretim \u015eube Ba\u015fkan\u0131 Elbey Kale, \u201cE\u011fitim-\u0130\u015f olarak \u00f6\u011frencilerimizin yan\u0131nda oldu\u011fumuzu, bu bask\u0131 ve \u015fiddete kar\u015f\u0131 m\u00fccadele edece\u011fimizi kamuoyuna sayg\u0131yla duyururuz\u201d dedi.Ege \u00dcniversitesi\u2019de \u00f6\u011frencilerin stant kurduklar\u0131 i\u00e7in g\u00f6zalt\u0131na al\u0131nmas\u0131na tepkiler s\u00fcrerken E\u011fitim \u0130\u015f \u00fcyeleri, Kamp\u00fcs giri\u015finde \u201c\u00dcniversitelerimizi ku\u015fatan karanl\u0131\u011fa teslim olmayaca\u011f\u0131z\u201d ba\u015fl\u0131kl\u0131 bir bas\u0131n a\u00e7\u0131klamas\u0131 yapt\u0131. \u201cBug\u00fcn \u00fcniversitelerimiz, Cumhuriyet tarihinin en a\u011f\u0131r ku\u015fatmas\u0131 alt\u0131ndad\u0131r\u201d diyen yapan E\u011fitim \u0130\u015f \u00fcyelerine \u00c7a\u011fda\u015f Ya\u015fam\u0131 Destekleme Derne\u011fi \u0130zmir \u015eubesi de destek verdi. E\u011fitim-\u0130\u015f 4 No&#8217;lu Y\u00fcksek\u00f6\u011fretim \u015eube Ba\u015fkan\u0131 Elbey Kale, \u201cE\u011fitim-\u0130\u015f olarak \u00f6\u011frencilerimizin yan\u0131nda oldu\u011fumuzu, bu bask\u0131 ve \u015fiddete kar\u015f\u0131 m\u00fccadele edece\u011fimizi kamuoyuna sayg\u0131yla duyururuz\u201d dedi.\u00a0<a href=\"https:\/\/www.cumhuriyet.com.tr\/cumhuriyet-in-egesi\/egitim-is-ten-gozaltilara-tepki-universiteler-kusatma-altinda-2439206\" target=\"_blank\" class=\"feedzy-rss-link-icon\">Read More<\/a><\/p>","protected":false},"excerpt":{"rendered":"<p>Ege \u00dcniversitesi\u2019de \u00f6\u011frencilerin stant kurduklar\u0131 i\u00e7in g\u00f6zalt\u0131na al\u0131nmas\u0131na tepkiler s\u00fcrerken E\u011fitim \u0130\u015f \u00fcyeleri, Kamp\u00fcs giri\u015finde \u201c\u00dcniversitelerimizi ku\u015fatan karanl\u0131\u011fa teslim olmayaca\u011f\u0131z\u201d ba\u015fl\u0131kl\u0131 bir bas\u0131n a\u00e7\u0131klamas\u0131 yapt\u0131. \u201cBug\u00fcn \u00fcniversitelerimiz, Cumhuriyet tarihinin en a\u011f\u0131r ku\u015fatmas\u0131 alt\u0131ndad\u0131r\u201d diyen yapan E\u011fitim \u0130\u015f \u00fcyelerine \u00c7a\u011fda\u015f Ya\u015fam\u0131 Destekleme Derne\u011fi \u0130zmir \u015eubesi de destek verdi. E\u011fitim-\u0130\u015f 4 No&#8217;lu Y\u00fcksek\u00f6\u011fretim \u015eube Ba\u015fkan\u0131 Elbey Kale, [&hellip;]<\/p>\n","protected":false},"author":1,"featured_media":6674,"comment_status":"open","ping_status":"open","sticky":false,"template":"","format":"standard","meta":{"footnotes":"","_links_to":"","_links_to_target":""},"categories":[1],"tags":[],"class_list":["post-6673","post","type-post","status-publish","format-standard","has-post-thumbnail","hentry","category-haberler"],"_links":{"self":[{"href":"https:\/\/www.abchukuk.com\/index.php\/wp-json\/wp\/v2\/posts\/6673","targetHints":{"allow":["GET"]}}],"collection":[{"href":"https:\/\/www.abchukuk.com\/index.php\/wp-json\/wp\/v2\/posts"}],"about":[{"href":"https:\/\/www.abchukuk.com\/index.php\/wp-json\/wp\/v2\/types\/post"}],"author":[{"embeddable":true,"href":"https:\/\/www.abchukuk.com\/index.php\/wp-json\/wp\/v2\/users\/1"}],"replies":[{"embeddable":true,"href":"https:\/\/www.abchukuk.com\/index.php\/wp-json\/wp\/v2\/comments?post=6673"}],"version-history":[{"count":0,"href":"https:\/\/www.abchukuk.com\/index.php\/wp-json\/wp\/v2\/posts\/6673\/revisions"}],"wp:featuredmedia":[{"embeddable":true,"href":"https:\/\/www.abchukuk.com\/index.php\/wp-json\/wp\/v2\/media\/6674"}],"wp:attachment":[{"href":"https:\/\/www.abchukuk.com\/index.php\/wp-json\/wp\/v2\/media?parent=6673"}],"wp:term":[{"taxonomy":"category","embeddable":true,"href":"https:\/\/www.abchukuk.com\/index.php\/wp-json\/wp\/v2\/categories?post=6673"},{"taxonomy":"post_tag","embeddable":true,"href":"https:\/\/www.abchukuk.com\/index.php\/wp-json\/wp\/v2\/tags?post=6673"}],"curies":[{"name":"wp","href":"https:\/\/api.w.org\/{rel}","templated":true}]}}