{"id":6671,"date":"2025-09-29T11:35:57","date_gmt":"2025-09-29T11:35:57","guid":{"rendered":"https:\/\/www.abchukuk.com\/index.php\/2025\/09\/29\/milli-dayanisma-kardeslik-ve-demokrasi-komisyonu-hukukculari-dinleyecek\/"},"modified":"2025-09-29T11:35:57","modified_gmt":"2025-09-29T11:35:57","slug":"milli-dayanisma-kardeslik-ve-demokrasi-komisyonu-hukukculari-dinleyecek","status":"publish","type":"post","link":"https:\/\/www.abchukuk.com\/index.php\/2025\/09\/29\/milli-dayanisma-kardeslik-ve-demokrasi-komisyonu-hukukculari-dinleyecek\/","title":{"rendered":"Milli Dayan\u0131\u015fma, Karde\u015flik Ve Demokrasi Komisyonu Hukuk\u00e7ular\u0131 Dinleyecek"},"content":{"rendered":"<p><a href=\"https:\/\/www.gercekgundem.com\/siyaset\/milli-dayanisma-kardeslik-ve-demokrasi-komisyonu-hukukculari-dinleyecek-557487\"><br \/>\n                                                            <img decoding=\"async\" src=\"https:\/\/i.gercekgundem.com\/2\/150\/84\/storage\/files\/images\/2025\/09\/29\/milli-dayanisma-kardeslik-ve-demokrasi-komisyonu-hukukculari-dinleyecek-olfa.jpg\" width=\"150\" height=\"84\" border=\"0\" align=\"right\" \/><br \/>\n                                                    <\/a><\/p>\n<h4>Milli Dayan\u0131\u015fma, Karde\u015flik ve Demokrasi Komisyonu, 2 Ekim Per\u015fembe g\u00fcn\u00fc d\u00fczenleyece\u011fi 13. oturumunda hukuk alan\u0131ndaki dernekler ve akademisyenlerle bir araya gelecek.<\/h4>\n<p>Milli Dayan\u0131\u015fma, Karde\u015flik ve Demokrasi Komisyonu, 2 Ekim Per\u015fembe g\u00fcn\u00fc d\u00fczenleyece\u011fi 13. oturumunda hukuk alan\u0131ndaki dernekler ve akademisyenlerle bir araya gelecek.\u00a0<a href=\"https:\/\/www.gercekgundem.com\/siyaset\/milli-dayanisma-kardeslik-ve-demokrasi-komisyonu-hukukculari-dinleyecek-557487\" target=\"_blank\" class=\"feedzy-rss-link-icon\">Read More<\/a><\/p>","protected":false},"excerpt":{"rendered":"<p>Milli Dayan\u0131\u015fma, Karde\u015flik ve Demokrasi Komisyonu, 2 Ekim Per\u015fembe g\u00fcn\u00fc d\u00fczenleyece\u011fi 13. oturumunda hukuk alan\u0131ndaki dernekler ve akademisyenlerle bir araya gelecek. Milli Dayan\u0131\u015fma, Karde\u015flik ve Demokrasi Komisyonu, 2 Ekim Per\u015fembe g\u00fcn\u00fc d\u00fczenleyece\u011fi 13. oturumunda hukuk alan\u0131ndaki dernekler ve akademisyenlerle bir araya gelecek.\u00a0Read More<\/p>\n","protected":false},"author":1,"featured_media":6672,"comment_status":"open","ping_status":"open","sticky":false,"template":"","format":"standard","meta":{"footnotes":"","_links_to":"","_links_to_target":""},"categories":[1],"tags":[],"class_list":["post-6671","post","type-post","status-publish","format-standard","has-post-thumbnail","hentry","category-haberler"],"_links":{"self":[{"href":"https:\/\/www.abchukuk.com\/index.php\/wp-json\/wp\/v2\/posts\/6671","targetHints":{"allow":["GET"]}}],"collection":[{"href":"https:\/\/www.abchukuk.com\/index.php\/wp-json\/wp\/v2\/posts"}],"about":[{"href":"https:\/\/www.abchukuk.com\/index.php\/wp-json\/wp\/v2\/types\/post"}],"author":[{"embeddable":true,"href":"https:\/\/www.abchukuk.com\/index.php\/wp-json\/wp\/v2\/users\/1"}],"replies":[{"embeddable":true,"href":"https:\/\/www.abchukuk.com\/index.php\/wp-json\/wp\/v2\/comments?post=6671"}],"version-history":[{"count":0,"href":"https:\/\/www.abchukuk.com\/index.php\/wp-json\/wp\/v2\/posts\/6671\/revisions"}],"wp:featuredmedia":[{"embeddable":true,"href":"https:\/\/www.abchukuk.com\/index.php\/wp-json\/wp\/v2\/media\/6672"}],"wp:attachment":[{"href":"https:\/\/www.abchukuk.com\/index.php\/wp-json\/wp\/v2\/media?parent=6671"}],"wp:term":[{"taxonomy":"category","embeddable":true,"href":"https:\/\/www.abchukuk.com\/index.php\/wp-json\/wp\/v2\/categories?post=6671"},{"taxonomy":"post_tag","embeddable":true,"href":"https:\/\/www.abchukuk.com\/index.php\/wp-json\/wp\/v2\/tags?post=6671"}],"curies":[{"name":"wp","href":"https:\/\/api.w.org\/{rel}","templated":true}]}}