{"id":6643,"date":"2025-09-29T08:21:00","date_gmt":"2025-09-29T08:21:00","guid":{"rendered":"https:\/\/www.abchukuk.com\/index.php\/2025\/09\/29\/adalet-bakanligi-maas-promosyonu-yatti-mi-ne-zaman-yatacak\/"},"modified":"2025-09-29T08:21:00","modified_gmt":"2025-09-29T08:21:00","slug":"adalet-bakanligi-maas-promosyonu-yatti-mi-ne-zaman-yatacak","status":"publish","type":"post","link":"https:\/\/www.abchukuk.com\/index.php\/2025\/09\/29\/adalet-bakanligi-maas-promosyonu-yatti-mi-ne-zaman-yatacak\/","title":{"rendered":"Adalet Bakanl\u0131\u011f\u0131 maa\u015f promosyonu yatt\u0131 m\u0131, ne zaman yatacak?"},"content":{"rendered":"<p>Adalet Bakanl\u0131\u011f\u0131 maa\u015f promosyonu i\u00e7in on binler bekleyi\u015f i\u00e7erisinde&#8230; Her bir personele pe\u015fin \u00f6denmek \u00fczere 99.500 TL promosyon \u00f6denecek. Tarihi hen\u00fcz bilmeyenler ya da teredd\u00fct ya\u015fayanlar &#8220;Adalet Bakanl\u0131\u011f\u0131 maa\u015f promosyonu ne zaman yatacak&#8221; sorusunu s\u0131k\u00e7a y\u00f6neltiyor. \u0130\u015fte belirlenen tarih&#8230;Adalet Bakanl\u0131\u011f\u0131 maa\u015f promosyonu i\u00e7in on binler bekleyi\u015f i\u00e7erisinde&#8230; Her bir personele pe\u015fin \u00f6denmek \u00fczere 99.500 TL promosyon \u00f6denecek. Tarihi hen\u00fcz bilmeyenler ya da teredd\u00fct ya\u015fayanlar &#8220;Adalet Bakanl\u0131\u011f\u0131 maa\u015f promosyonu ne zaman yatacak&#8221; sorusunu s\u0131k\u00e7a y\u00f6neltiyor. \u0130\u015fte belirlenen tarih&#8230;\u00a0<a href=\"https:\/\/www.dunya.com\/gundem\/adalet-bakanligi-maas-promosyonu-yatti-mi-ne-zaman-yatacak-haberi-796106\" target=\"_blank\" class=\"feedzy-rss-link-icon\">Read More<\/a><\/p>","protected":false},"excerpt":{"rendered":"<p>Adalet Bakanl\u0131\u011f\u0131 maa\u015f promosyonu i\u00e7in on binler bekleyi\u015f i\u00e7erisinde&#8230; Her bir personele pe\u015fin \u00f6denmek \u00fczere 99.500 TL promosyon \u00f6denecek. Tarihi hen\u00fcz bilmeyenler ya da teredd\u00fct ya\u015fayanlar &#8220;Adalet Bakanl\u0131\u011f\u0131 maa\u015f promosyonu ne zaman yatacak&#8221; sorusunu s\u0131k\u00e7a y\u00f6neltiyor. \u0130\u015fte belirlenen tarih&#8230;Adalet Bakanl\u0131\u011f\u0131 maa\u015f promosyonu i\u00e7in on binler bekleyi\u015f i\u00e7erisinde&#8230; Her bir personele pe\u015fin \u00f6denmek \u00fczere 99.500 TL [&hellip;]<\/p>\n","protected":false},"author":1,"featured_media":6644,"comment_status":"open","ping_status":"open","sticky":false,"template":"","format":"standard","meta":{"footnotes":"","_links_to":"","_links_to_target":""},"categories":[1],"tags":[],"class_list":["post-6643","post","type-post","status-publish","format-standard","has-post-thumbnail","hentry","category-haberler"],"_links":{"self":[{"href":"https:\/\/www.abchukuk.com\/index.php\/wp-json\/wp\/v2\/posts\/6643","targetHints":{"allow":["GET"]}}],"collection":[{"href":"https:\/\/www.abchukuk.com\/index.php\/wp-json\/wp\/v2\/posts"}],"about":[{"href":"https:\/\/www.abchukuk.com\/index.php\/wp-json\/wp\/v2\/types\/post"}],"author":[{"embeddable":true,"href":"https:\/\/www.abchukuk.com\/index.php\/wp-json\/wp\/v2\/users\/1"}],"replies":[{"embeddable":true,"href":"https:\/\/www.abchukuk.com\/index.php\/wp-json\/wp\/v2\/comments?post=6643"}],"version-history":[{"count":0,"href":"https:\/\/www.abchukuk.com\/index.php\/wp-json\/wp\/v2\/posts\/6643\/revisions"}],"wp:featuredmedia":[{"embeddable":true,"href":"https:\/\/www.abchukuk.com\/index.php\/wp-json\/wp\/v2\/media\/6644"}],"wp:attachment":[{"href":"https:\/\/www.abchukuk.com\/index.php\/wp-json\/wp\/v2\/media?parent=6643"}],"wp:term":[{"taxonomy":"category","embeddable":true,"href":"https:\/\/www.abchukuk.com\/index.php\/wp-json\/wp\/v2\/categories?post=6643"},{"taxonomy":"post_tag","embeddable":true,"href":"https:\/\/www.abchukuk.com\/index.php\/wp-json\/wp\/v2\/tags?post=6643"}],"curies":[{"name":"wp","href":"https:\/\/api.w.org\/{rel}","templated":true}]}}