{"id":6641,"date":"2025-09-29T08:39:00","date_gmt":"2025-09-29T08:39:00","guid":{"rendered":"https:\/\/www.abchukuk.com\/index.php\/2025\/09\/29\/yurttasin-en-buyuk-sorunu-ekonomi-ve-adaletsizlik-yolda-yurumeye-korkuyoruz\/"},"modified":"2025-09-29T08:39:00","modified_gmt":"2025-09-29T08:39:00","slug":"yurttasin-en-buyuk-sorunu-ekonomi-ve-adaletsizlik-yolda-yurumeye-korkuyoruz","status":"publish","type":"post","link":"https:\/\/www.abchukuk.com\/index.php\/2025\/09\/29\/yurttasin-en-buyuk-sorunu-ekonomi-ve-adaletsizlik-yolda-yurumeye-korkuyoruz\/","title":{"rendered":"Yurtta\u015f\u0131n en b\u00fcy\u00fck sorunu &#8216;ekonomi&#8217; ve &#8216;adaletsizlik&#8217;: &#8216;Yolda y\u00fcr\u00fcmeye korkuyoruz!&#8217;"},"content":{"rendered":"<p>Mecidiyek\u00f6y semt pazar\u0131nda yurtta\u015flara &#8220;T\u00fcrkiye&#8217;nin en \u00f6nemli sorununun ne oldu\u011funu&#8221; sorusu y\u00f6neldi\u011finde yayg\u0131n olarak ekonomik kriz ve adaletsizlik yan\u0131tlar\u0131 al\u0131nd\u0131. Bir yurtta\u015f, &#8220;Birileri var d\u00fcnya kadar h\u0131rs\u0131zl\u0131k yapm\u0131\u015f, hesap sorulmuyor; birilerinin ne yapt\u0131\u011f\u0131 belli de\u011fil hapishaneye g\u00f6nderiliyor\u201d s\u00f6zleriyle adaletsizli\u011fe dikkat \u00e7ekti.Mecidiyek\u00f6y semt pazar\u0131nda yurtta\u015flara &#8220;T\u00fcrkiye&#8217;nin en \u00f6nemli sorununun ne oldu\u011funu&#8221; sorusu y\u00f6neldi\u011finde yayg\u0131n olarak ekonomik kriz ve adaletsizlik yan\u0131tlar\u0131 al\u0131nd\u0131. Bir yurtta\u015f, &#8220;Birileri var d\u00fcnya kadar h\u0131rs\u0131zl\u0131k yapm\u0131\u015f, hesap sorulmuyor; birilerinin ne yapt\u0131\u011f\u0131 belli de\u011fil hapishaneye g\u00f6nderiliyor\u201d s\u00f6zleriyle adaletsizli\u011fe dikkat \u00e7ekti.\u00a0<a href=\"https:\/\/www.cumhuriyet.com.tr\/turkiye\/yurttasin-en-buyuk-sorunu-ekonomi-ve-adaletsizlik-yolda-yurumeye-korkuyoruz-2439148\" target=\"_blank\" class=\"feedzy-rss-link-icon\">Read More<\/a><\/p>","protected":false},"excerpt":{"rendered":"<p>Mecidiyek\u00f6y semt pazar\u0131nda yurtta\u015flara &#8220;T\u00fcrkiye&#8217;nin en \u00f6nemli sorununun ne oldu\u011funu&#8221; sorusu y\u00f6neldi\u011finde yayg\u0131n olarak ekonomik kriz ve adaletsizlik yan\u0131tlar\u0131 al\u0131nd\u0131. Bir yurtta\u015f, &#8220;Birileri var d\u00fcnya kadar h\u0131rs\u0131zl\u0131k yapm\u0131\u015f, hesap sorulmuyor; birilerinin ne yapt\u0131\u011f\u0131 belli de\u011fil hapishaneye g\u00f6nderiliyor\u201d s\u00f6zleriyle adaletsizli\u011fe dikkat \u00e7ekti.Mecidiyek\u00f6y semt pazar\u0131nda yurtta\u015flara &#8220;T\u00fcrkiye&#8217;nin en \u00f6nemli sorununun ne oldu\u011funu&#8221; sorusu y\u00f6neldi\u011finde yayg\u0131n olarak ekonomik [&hellip;]<\/p>\n","protected":false},"author":1,"featured_media":6642,"comment_status":"open","ping_status":"open","sticky":false,"template":"","format":"standard","meta":{"footnotes":"","_links_to":"","_links_to_target":""},"categories":[1],"tags":[],"class_list":["post-6641","post","type-post","status-publish","format-standard","has-post-thumbnail","hentry","category-haberler"],"_links":{"self":[{"href":"https:\/\/www.abchukuk.com\/index.php\/wp-json\/wp\/v2\/posts\/6641","targetHints":{"allow":["GET"]}}],"collection":[{"href":"https:\/\/www.abchukuk.com\/index.php\/wp-json\/wp\/v2\/posts"}],"about":[{"href":"https:\/\/www.abchukuk.com\/index.php\/wp-json\/wp\/v2\/types\/post"}],"author":[{"embeddable":true,"href":"https:\/\/www.abchukuk.com\/index.php\/wp-json\/wp\/v2\/users\/1"}],"replies":[{"embeddable":true,"href":"https:\/\/www.abchukuk.com\/index.php\/wp-json\/wp\/v2\/comments?post=6641"}],"version-history":[{"count":0,"href":"https:\/\/www.abchukuk.com\/index.php\/wp-json\/wp\/v2\/posts\/6641\/revisions"}],"wp:featuredmedia":[{"embeddable":true,"href":"https:\/\/www.abchukuk.com\/index.php\/wp-json\/wp\/v2\/media\/6642"}],"wp:attachment":[{"href":"https:\/\/www.abchukuk.com\/index.php\/wp-json\/wp\/v2\/media?parent=6641"}],"wp:term":[{"taxonomy":"category","embeddable":true,"href":"https:\/\/www.abchukuk.com\/index.php\/wp-json\/wp\/v2\/categories?post=6641"},{"taxonomy":"post_tag","embeddable":true,"href":"https:\/\/www.abchukuk.com\/index.php\/wp-json\/wp\/v2\/tags?post=6641"}],"curies":[{"name":"wp","href":"https:\/\/api.w.org\/{rel}","templated":true}]}}