{"id":6620,"date":"2025-09-28T22:02:00","date_gmt":"2025-09-28T22:02:00","guid":{"rendered":"https:\/\/www.abchukuk.com\/index.php\/2025\/09\/28\/imamoglu-savunmasinin-tam-metnini-paylasti-once-adalet-once-hurriyet\/"},"modified":"2025-09-28T22:02:00","modified_gmt":"2025-09-28T22:02:00","slug":"imamoglu-savunmasinin-tam-metnini-paylasti-once-adalet-once-hurriyet","status":"publish","type":"post","link":"https:\/\/www.abchukuk.com\/index.php\/2025\/09\/28\/imamoglu-savunmasinin-tam-metnini-paylasti-once-adalet-once-hurriyet\/","title":{"rendered":"\u0130mamo\u011flu savunmas\u0131n\u0131n tam metnini payla\u015ft\u0131: \u2018\u00d6nce adalet, \u00f6nce h\u00fcrriyet!\u2019"},"content":{"rendered":"<p>CHP&#8217;nin tutuklu cumhurba\u015fkan\u0131 aday\u0131 Ekrem \u0130mamo\u011flu, 26 Eyl\u00fcl&#8217;de g\u00f6r\u00fclen duru\u015fmadaki savunmas\u0131n\u0131 yay\u0131mlad\u0131. \u0130mamo\u011flu, yapt\u0131\u011f\u0131 payla\u015f\u0131mda \u201cMilletin iradesini yok sayan b\u00fct\u00fcn \u00f6rg\u00fctlenmelere kar\u015f\u0131 b\u00fcy\u00fck bir m\u00fccadele verece\u011fiz\u201d ifadelerini kulland\u0131. \u0130\u015fte savunman\u0131n tam metni\u2026CHP&#8217;nin tutuklu cumhurba\u015fkan\u0131 aday\u0131 Ekrem \u0130mamo\u011flu, 26 Eyl\u00fcl&#8217;de g\u00f6r\u00fclen duru\u015fmadaki savunmas\u0131n\u0131 yay\u0131mlad\u0131. \u0130mamo\u011flu, yapt\u0131\u011f\u0131 payla\u015f\u0131mda \u201cMilletin iradesini yok sayan b\u00fct\u00fcn \u00f6rg\u00fctlenmelere kar\u015f\u0131 b\u00fcy\u00fck bir m\u00fccadele verece\u011fiz\u201d ifadelerini kulland\u0131. \u0130\u015fte savunman\u0131n tam metni\u2026\u00a0<a href=\"https:\/\/www.cumhuriyet.com.tr\/siyaset\/imamoglu-savunmasinin-tam-metnini-paylasti-once-adalet-once-hurriyet-2439085\" target=\"_blank\" class=\"feedzy-rss-link-icon\">Read More<\/a><\/p>","protected":false},"excerpt":{"rendered":"<p>CHP&#8217;nin tutuklu cumhurba\u015fkan\u0131 aday\u0131 Ekrem \u0130mamo\u011flu, 26 Eyl\u00fcl&#8217;de g\u00f6r\u00fclen duru\u015fmadaki savunmas\u0131n\u0131 yay\u0131mlad\u0131. \u0130mamo\u011flu, yapt\u0131\u011f\u0131 payla\u015f\u0131mda \u201cMilletin iradesini yok sayan b\u00fct\u00fcn \u00f6rg\u00fctlenmelere kar\u015f\u0131 b\u00fcy\u00fck bir m\u00fccadele verece\u011fiz\u201d ifadelerini kulland\u0131. \u0130\u015fte savunman\u0131n tam metni\u2026CHP&#8217;nin tutuklu cumhurba\u015fkan\u0131 aday\u0131 Ekrem \u0130mamo\u011flu, 26 Eyl\u00fcl&#8217;de g\u00f6r\u00fclen duru\u015fmadaki savunmas\u0131n\u0131 yay\u0131mlad\u0131. \u0130mamo\u011flu, yapt\u0131\u011f\u0131 payla\u015f\u0131mda \u201cMilletin iradesini yok sayan b\u00fct\u00fcn \u00f6rg\u00fctlenmelere kar\u015f\u0131 b\u00fcy\u00fck bir [&hellip;]<\/p>\n","protected":false},"author":1,"featured_media":6621,"comment_status":"open","ping_status":"open","sticky":false,"template":"","format":"standard","meta":{"footnotes":"","_links_to":"","_links_to_target":""},"categories":[1],"tags":[],"class_list":["post-6620","post","type-post","status-publish","format-standard","has-post-thumbnail","hentry","category-haberler"],"_links":{"self":[{"href":"https:\/\/www.abchukuk.com\/index.php\/wp-json\/wp\/v2\/posts\/6620","targetHints":{"allow":["GET"]}}],"collection":[{"href":"https:\/\/www.abchukuk.com\/index.php\/wp-json\/wp\/v2\/posts"}],"about":[{"href":"https:\/\/www.abchukuk.com\/index.php\/wp-json\/wp\/v2\/types\/post"}],"author":[{"embeddable":true,"href":"https:\/\/www.abchukuk.com\/index.php\/wp-json\/wp\/v2\/users\/1"}],"replies":[{"embeddable":true,"href":"https:\/\/www.abchukuk.com\/index.php\/wp-json\/wp\/v2\/comments?post=6620"}],"version-history":[{"count":0,"href":"https:\/\/www.abchukuk.com\/index.php\/wp-json\/wp\/v2\/posts\/6620\/revisions"}],"wp:featuredmedia":[{"embeddable":true,"href":"https:\/\/www.abchukuk.com\/index.php\/wp-json\/wp\/v2\/media\/6621"}],"wp:attachment":[{"href":"https:\/\/www.abchukuk.com\/index.php\/wp-json\/wp\/v2\/media?parent=6620"}],"wp:term":[{"taxonomy":"category","embeddable":true,"href":"https:\/\/www.abchukuk.com\/index.php\/wp-json\/wp\/v2\/categories?post=6620"},{"taxonomy":"post_tag","embeddable":true,"href":"https:\/\/www.abchukuk.com\/index.php\/wp-json\/wp\/v2\/tags?post=6620"}],"curies":[{"name":"wp","href":"https:\/\/api.w.org\/{rel}","templated":true}]}}