{"id":6614,"date":"2025-09-28T15:46:00","date_gmt":"2025-09-28T15:46:00","guid":{"rendered":"https:\/\/www.abchukuk.com\/index.php\/2025\/09\/28\/carpici-insan-haklari-raporu-yurttaslarin-yeni-korkusu-gozalti-ve-tutuklama-oldu\/"},"modified":"2025-09-28T15:46:00","modified_gmt":"2025-09-28T15:46:00","slug":"carpici-insan-haklari-raporu-yurttaslarin-yeni-korkusu-gozalti-ve-tutuklama-oldu","status":"publish","type":"post","link":"https:\/\/www.abchukuk.com\/index.php\/2025\/09\/28\/carpici-insan-haklari-raporu-yurttaslarin-yeni-korkusu-gozalti-ve-tutuklama-oldu\/","title":{"rendered":"\u00c7arp\u0131c\u0131 insan haklar\u0131 raporu: Yurtta\u015flar\u0131n yeni korkusu g\u00f6zalt\u0131 ve tutuklama oldu!"},"content":{"rendered":"<p>CHP\u2019li Sezgin Tanr\u0131kulu\u2019nun a\u00e7\u0131klad\u0131\u011f\u0131 \u00fc\u00e7 ayl\u0131k insan haklar\u0131 raporu, yurtta\u015flar\u0131n en b\u00fcy\u00fck korkusunun art\u0131k g\u00f6zalt\u0131 ve tutuklama oldu\u011funu ortaya koydu. Raporda, yaln\u0131zca \u00fc\u00e7 ayda 681 ya\u015fam hakk\u0131 ihlali, 395 i\u015fkence vakas\u0131 ve 228 siyaset\u00e7iye a\u00e7\u0131lan dava tespit edildi.CHP\u2019li Sezgin Tanr\u0131kulu\u2019nun a\u00e7\u0131klad\u0131\u011f\u0131 \u00fc\u00e7 ayl\u0131k insan haklar\u0131 raporu, yurtta\u015flar\u0131n en b\u00fcy\u00fck korkusunun art\u0131k g\u00f6zalt\u0131 ve tutuklama oldu\u011funu ortaya koydu. Raporda, yaln\u0131zca \u00fc\u00e7 ayda 681 ya\u015fam hakk\u0131 ihlali, 395 i\u015fkence vakas\u0131 ve 228 siyaset\u00e7iye a\u00e7\u0131lan dava tespit edildi.\u00a0<a href=\"https:\/\/www.cumhuriyet.com.tr\/turkiye\/carpici-insan-haklari-raporu-yurttaslarin-yeni-korkusu-gozalti-ve-tutuklama-oldu-2439005\" target=\"_blank\" class=\"feedzy-rss-link-icon\">Read More<\/a><\/p>","protected":false},"excerpt":{"rendered":"<p>CHP\u2019li Sezgin Tanr\u0131kulu\u2019nun a\u00e7\u0131klad\u0131\u011f\u0131 \u00fc\u00e7 ayl\u0131k insan haklar\u0131 raporu, yurtta\u015flar\u0131n en b\u00fcy\u00fck korkusunun art\u0131k g\u00f6zalt\u0131 ve tutuklama oldu\u011funu ortaya koydu. Raporda, yaln\u0131zca \u00fc\u00e7 ayda 681 ya\u015fam hakk\u0131 ihlali, 395 i\u015fkence vakas\u0131 ve 228 siyaset\u00e7iye a\u00e7\u0131lan dava tespit edildi.CHP\u2019li Sezgin Tanr\u0131kulu\u2019nun a\u00e7\u0131klad\u0131\u011f\u0131 \u00fc\u00e7 ayl\u0131k insan haklar\u0131 raporu, yurtta\u015flar\u0131n en b\u00fcy\u00fck korkusunun art\u0131k g\u00f6zalt\u0131 ve tutuklama oldu\u011funu [&hellip;]<\/p>\n","protected":false},"author":1,"featured_media":6615,"comment_status":"open","ping_status":"open","sticky":false,"template":"","format":"standard","meta":{"footnotes":"","_links_to":"","_links_to_target":""},"categories":[1],"tags":[],"class_list":["post-6614","post","type-post","status-publish","format-standard","has-post-thumbnail","hentry","category-haberler"],"_links":{"self":[{"href":"https:\/\/www.abchukuk.com\/index.php\/wp-json\/wp\/v2\/posts\/6614","targetHints":{"allow":["GET"]}}],"collection":[{"href":"https:\/\/www.abchukuk.com\/index.php\/wp-json\/wp\/v2\/posts"}],"about":[{"href":"https:\/\/www.abchukuk.com\/index.php\/wp-json\/wp\/v2\/types\/post"}],"author":[{"embeddable":true,"href":"https:\/\/www.abchukuk.com\/index.php\/wp-json\/wp\/v2\/users\/1"}],"replies":[{"embeddable":true,"href":"https:\/\/www.abchukuk.com\/index.php\/wp-json\/wp\/v2\/comments?post=6614"}],"version-history":[{"count":0,"href":"https:\/\/www.abchukuk.com\/index.php\/wp-json\/wp\/v2\/posts\/6614\/revisions"}],"wp:featuredmedia":[{"embeddable":true,"href":"https:\/\/www.abchukuk.com\/index.php\/wp-json\/wp\/v2\/media\/6615"}],"wp:attachment":[{"href":"https:\/\/www.abchukuk.com\/index.php\/wp-json\/wp\/v2\/media?parent=6614"}],"wp:term":[{"taxonomy":"category","embeddable":true,"href":"https:\/\/www.abchukuk.com\/index.php\/wp-json\/wp\/v2\/categories?post=6614"},{"taxonomy":"post_tag","embeddable":true,"href":"https:\/\/www.abchukuk.com\/index.php\/wp-json\/wp\/v2\/tags?post=6614"}],"curies":[{"name":"wp","href":"https:\/\/api.w.org\/{rel}","templated":true}]}}