{"id":6414,"date":"2025-09-26T09:45:00","date_gmt":"2025-09-26T09:45:00","guid":{"rendered":"https:\/\/www.abchukuk.com\/index.php\/2025\/09\/26\/mahkemeden-sosyete-pazari-karari\/"},"modified":"2025-09-26T09:45:00","modified_gmt":"2025-09-26T09:45:00","slug":"mahkemeden-sosyete-pazari-karari","status":"publish","type":"post","link":"https:\/\/www.abchukuk.com\/index.php\/2025\/09\/26\/mahkemeden-sosyete-pazari-karari\/","title":{"rendered":"Mahkemeden &#8216;Sosyete Pazar\u0131&#8217; karar\u0131"},"content":{"rendered":"<p>Mahkemenin y\u00fcr\u00fctmeyi durdurma karar\u0131yla Edirne\u2019nin \u00fcnl\u00fc Ulus Pazar\u0131 yeniden kuruldu. Peki, belediye ile pazarc\u0131lar aras\u0131ndaki bu tart\u0131\u015fman\u0131n perde arkas\u0131nda neler var?Mahkemenin y\u00fcr\u00fctmeyi durdurma karar\u0131yla Edirne\u2019nin \u00fcnl\u00fc Ulus Pazar\u0131 yeniden kuruldu. Peki, belediye ile pazarc\u0131lar aras\u0131ndaki bu tart\u0131\u015fman\u0131n perde arkas\u0131nda neler var?\u00a0<a href=\"https:\/\/www.dunya.com\/foto-galeri\/ekonomi\/mahkemeden-sosyete-pazari-karari-galeri-795754\" target=\"_blank\" class=\"feedzy-rss-link-icon\">Read More<\/a><\/p>","protected":false},"excerpt":{"rendered":"<p>Mahkemenin y\u00fcr\u00fctmeyi durdurma karar\u0131yla Edirne\u2019nin \u00fcnl\u00fc Ulus Pazar\u0131 yeniden kuruldu. Peki, belediye ile pazarc\u0131lar aras\u0131ndaki bu tart\u0131\u015fman\u0131n perde arkas\u0131nda neler var?Mahkemenin y\u00fcr\u00fctmeyi durdurma karar\u0131yla Edirne\u2019nin \u00fcnl\u00fc Ulus Pazar\u0131 yeniden kuruldu. Peki, belediye ile pazarc\u0131lar aras\u0131ndaki bu tart\u0131\u015fman\u0131n perde arkas\u0131nda neler var?\u00a0Read More<\/p>\n","protected":false},"author":1,"featured_media":6415,"comment_status":"open","ping_status":"open","sticky":false,"template":"","format":"standard","meta":{"footnotes":"","_links_to":"","_links_to_target":""},"categories":[1],"tags":[],"class_list":["post-6414","post","type-post","status-publish","format-standard","has-post-thumbnail","hentry","category-haberler"],"_links":{"self":[{"href":"https:\/\/www.abchukuk.com\/index.php\/wp-json\/wp\/v2\/posts\/6414","targetHints":{"allow":["GET"]}}],"collection":[{"href":"https:\/\/www.abchukuk.com\/index.php\/wp-json\/wp\/v2\/posts"}],"about":[{"href":"https:\/\/www.abchukuk.com\/index.php\/wp-json\/wp\/v2\/types\/post"}],"author":[{"embeddable":true,"href":"https:\/\/www.abchukuk.com\/index.php\/wp-json\/wp\/v2\/users\/1"}],"replies":[{"embeddable":true,"href":"https:\/\/www.abchukuk.com\/index.php\/wp-json\/wp\/v2\/comments?post=6414"}],"version-history":[{"count":0,"href":"https:\/\/www.abchukuk.com\/index.php\/wp-json\/wp\/v2\/posts\/6414\/revisions"}],"wp:featuredmedia":[{"embeddable":true,"href":"https:\/\/www.abchukuk.com\/index.php\/wp-json\/wp\/v2\/media\/6415"}],"wp:attachment":[{"href":"https:\/\/www.abchukuk.com\/index.php\/wp-json\/wp\/v2\/media?parent=6414"}],"wp:term":[{"taxonomy":"category","embeddable":true,"href":"https:\/\/www.abchukuk.com\/index.php\/wp-json\/wp\/v2\/categories?post=6414"},{"taxonomy":"post_tag","embeddable":true,"href":"https:\/\/www.abchukuk.com\/index.php\/wp-json\/wp\/v2\/tags?post=6414"}],"curies":[{"name":"wp","href":"https:\/\/api.w.org\/{rel}","templated":true}]}}