{"id":6386,"date":"2025-09-21T07:42:15","date_gmt":"2025-09-21T07:42:15","guid":{"rendered":"https:\/\/www.abchukuk.com\/index.php\/2025\/09\/21\/chp-22-olaganustu-kurultayi-toplandi-kayyuma-ve-butlana-karsi-hukuki-guvence-saglayabilir-mi\/"},"modified":"2025-09-21T07:42:15","modified_gmt":"2025-09-21T07:42:15","slug":"chp-22-olaganustu-kurultayi-toplandi-kayyuma-ve-butlana-karsi-hukuki-guvence-saglayabilir-mi","status":"publish","type":"post","link":"https:\/\/www.abchukuk.com\/index.php\/2025\/09\/21\/chp-22-olaganustu-kurultayi-toplandi-kayyuma-ve-butlana-karsi-hukuki-guvence-saglayabilir-mi\/","title":{"rendered":"CHP 22. Ola\u011fan\u00fcst\u00fc Kurultay\u0131 topland\u0131: Kayyuma ve &#8216;butlan&#8217;a kar\u015f\u0131 hukuki g\u00fcvence sa\u011flayabilir mi?"},"content":{"rendered":"<p>CHP 22. Ola\u011fan Kurultay\u0131, delegelerin \u00e7a\u011fr\u0131s\u0131yla bugtn Naz\u0131m Hikmet Kongre ve K\u00fclt\u00fcr Merkezi&#8217;nde toplan\u0131yor. Son ola\u011fan\u00fcst\u00fc kurultay\u0131n\u0131 6 Nisan&#8217;da ger\u00e7ekle\u015ftiren CHP bir y\u0131lda ikinci kez kurultaya gidiyor.CHP 22. Ola\u011fan Kurultay\u0131, delegelerin \u00e7a\u011fr\u0131s\u0131yla bugtn Naz\u0131m Hikmet Kongre ve K\u00fclt\u00fcr Merkezi&#8217;nde toplan\u0131yor. Son ola\u011fan\u00fcst\u00fc kurultay\u0131n\u0131 6 Nisan&#8217;da ger\u00e7ekle\u015ftiren CHP bir y\u0131lda ikinci kez kurultaya gidiyor.\u00a0<a href=\"https:\/\/www.bbc.com\/turkce\/articles\/c78nm2x8rldo?at_medium=RSS&amp;at_campaign=rss\" target=\"_blank\" class=\"feedzy-rss-link-icon\">Read More<\/a><\/p>","protected":false},"excerpt":{"rendered":"<p>CHP 22. Ola\u011fan Kurultay\u0131, delegelerin \u00e7a\u011fr\u0131s\u0131yla bugtn Naz\u0131m Hikmet Kongre ve K\u00fclt\u00fcr Merkezi&#8217;nde toplan\u0131yor. Son ola\u011fan\u00fcst\u00fc kurultay\u0131n\u0131 6 Nisan&#8217;da ger\u00e7ekle\u015ftiren CHP bir y\u0131lda ikinci kez kurultaya gidiyor.CHP 22. Ola\u011fan Kurultay\u0131, delegelerin \u00e7a\u011fr\u0131s\u0131yla bugtn Naz\u0131m Hikmet Kongre ve K\u00fclt\u00fcr Merkezi&#8217;nde toplan\u0131yor. Son ola\u011fan\u00fcst\u00fc kurultay\u0131n\u0131 6 Nisan&#8217;da ger\u00e7ekle\u015ftiren CHP bir y\u0131lda ikinci kez kurultaya gidiyor.\u00a0Read More<\/p>\n","protected":false},"author":1,"featured_media":6315,"comment_status":"open","ping_status":"open","sticky":false,"template":"","format":"standard","meta":{"footnotes":"","_links_to":"","_links_to_target":""},"categories":[1],"tags":[],"class_list":["post-6386","post","type-post","status-publish","format-standard","has-post-thumbnail","hentry","category-haberler"],"_links":{"self":[{"href":"https:\/\/www.abchukuk.com\/index.php\/wp-json\/wp\/v2\/posts\/6386","targetHints":{"allow":["GET"]}}],"collection":[{"href":"https:\/\/www.abchukuk.com\/index.php\/wp-json\/wp\/v2\/posts"}],"about":[{"href":"https:\/\/www.abchukuk.com\/index.php\/wp-json\/wp\/v2\/types\/post"}],"author":[{"embeddable":true,"href":"https:\/\/www.abchukuk.com\/index.php\/wp-json\/wp\/v2\/users\/1"}],"replies":[{"embeddable":true,"href":"https:\/\/www.abchukuk.com\/index.php\/wp-json\/wp\/v2\/comments?post=6386"}],"version-history":[{"count":0,"href":"https:\/\/www.abchukuk.com\/index.php\/wp-json\/wp\/v2\/posts\/6386\/revisions"}],"wp:featuredmedia":[{"embeddable":true,"href":"https:\/\/www.abchukuk.com\/index.php\/wp-json\/wp\/v2\/media\/6315"}],"wp:attachment":[{"href":"https:\/\/www.abchukuk.com\/index.php\/wp-json\/wp\/v2\/media?parent=6386"}],"wp:term":[{"taxonomy":"category","embeddable":true,"href":"https:\/\/www.abchukuk.com\/index.php\/wp-json\/wp\/v2\/categories?post=6386"},{"taxonomy":"post_tag","embeddable":true,"href":"https:\/\/www.abchukuk.com\/index.php\/wp-json\/wp\/v2\/tags?post=6386"}],"curies":[{"name":"wp","href":"https:\/\/api.w.org\/{rel}","templated":true}]}}