{"id":6216,"date":"2025-09-24T07:55:00","date_gmt":"2025-09-24T07:55:00","guid":{"rendered":"https:\/\/www.abchukuk.com\/index.php\/2025\/09\/24\/mahkeme-durdurma-karari-vermisti-chp-istanbul-kongresi-basladi\/"},"modified":"2025-09-24T07:55:00","modified_gmt":"2025-09-24T07:55:00","slug":"mahkeme-durdurma-karari-vermisti-chp-istanbul-kongresi-basladi","status":"publish","type":"post","link":"https:\/\/www.abchukuk.com\/index.php\/2025\/09\/24\/mahkeme-durdurma-karari-vermisti-chp-istanbul-kongresi-basladi\/","title":{"rendered":"Mahkeme &#8216;Durdurma Karar\u0131 Vermi\u015fti! CHP \u0130stanbul Kongresi Ba\u015flad\u0131"},"content":{"rendered":"<p><a href=\"https:\/\/www.gercekgundem.com\/guncel\/chp-istanbul-kongresine-dakikalar-kala-flas-karar-ilce-secim-kurulu-baskanligi-ve-valilige-yazi-gonderildi-556717\"><br \/>\n                                                            <img decoding=\"async\" src=\"https:\/\/i.gercekgundem.com\/2\/150\/84\/storage\/files\/images\/2025\/09\/24\/chp-istanbul-kongresine-dakikalar-kala-flas-karar-6j3i.png\" width=\"150\" height=\"84\" border=\"0\" align=\"right\" \/><br \/>\n                                                    <\/a><\/p>\n<h4>\u0130stanbul 45. Asliye Hukuk Mahkemesi, CHP \u0130stanbul \u0130l Kongresi\u2019nin yap\u0131lmas\u0131na ili\u015fkin y\u00fcr\u00fct\u00fclen \u00e7al\u0131\u015fmalar\u0131n durdurulmas\u0131na karar verdi. Karar\u0131n kongreye y\u00f6nelik a\u00e7\u0131lan iptal davas\u0131 nedeniyle al\u0131nd\u0131\u011f\u0131 bildirildi. Mahkeme Sar\u0131yer 1. \u0130l\u00e7e Se\u00e7im Kurulu Ba\u015fkanl\u0131\u011f\u0131 ve \u0130stanbul Valili\u011fi\u2019ne yaz\u0131 g\u00f6nderdi. CHP \u0130stanbul \u0130l Kongresi ba\u015flad\u0131.<\/h4>\n<p>\u0130stanbul 45. Asliye Hukuk Mahkemesi, CHP \u0130stanbul \u0130l Kongresi\u2019nin yap\u0131lmas\u0131na ili\u015fkin y\u00fcr\u00fct\u00fclen \u00e7al\u0131\u015fmalar\u0131n durdurulmas\u0131na karar verdi. Karar\u0131n kongreye y\u00f6nelik a\u00e7\u0131lan iptal davas\u0131 nedeniyle al\u0131nd\u0131\u011f\u0131 bildirildi. Mahkeme Sar\u0131yer 1. \u0130l\u00e7e Se\u00e7im Kurulu Ba\u015fkanl\u0131\u011f\u0131 ve \u0130stanbul Valili\u011fi\u2019ne yaz\u0131 g\u00f6nderdi. CHP \u0130stanbul \u0130l Kongresi ba\u015flad\u0131.\u00a0<a href=\"https:\/\/www.gercekgundem.com\/guncel\/chp-istanbul-kongresine-dakikalar-kala-flas-karar-ilce-secim-kurulu-baskanligi-ve-valilige-yazi-gonderildi-556717\" target=\"_blank\" class=\"feedzy-rss-link-icon\">Read More<\/a><\/p>","protected":false},"excerpt":{"rendered":"<p>\u0130stanbul 45. Asliye Hukuk Mahkemesi, CHP \u0130stanbul \u0130l Kongresi\u2019nin yap\u0131lmas\u0131na ili\u015fkin y\u00fcr\u00fct\u00fclen \u00e7al\u0131\u015fmalar\u0131n durdurulmas\u0131na karar verdi. Karar\u0131n kongreye y\u00f6nelik a\u00e7\u0131lan iptal davas\u0131 nedeniyle al\u0131nd\u0131\u011f\u0131 bildirildi. Mahkeme Sar\u0131yer 1. \u0130l\u00e7e Se\u00e7im Kurulu Ba\u015fkanl\u0131\u011f\u0131 ve \u0130stanbul Valili\u011fi\u2019ne yaz\u0131 g\u00f6nderdi. CHP \u0130stanbul \u0130l Kongresi ba\u015flad\u0131. \u0130stanbul 45. Asliye Hukuk Mahkemesi, CHP \u0130stanbul \u0130l Kongresi\u2019nin yap\u0131lmas\u0131na ili\u015fkin y\u00fcr\u00fct\u00fclen \u00e7al\u0131\u015fmalar\u0131n [&hellip;]<\/p>\n","protected":false},"author":1,"featured_media":6217,"comment_status":"open","ping_status":"open","sticky":false,"template":"","format":"standard","meta":{"footnotes":"","_links_to":"","_links_to_target":""},"categories":[1],"tags":[],"class_list":["post-6216","post","type-post","status-publish","format-standard","has-post-thumbnail","hentry","category-haberler"],"_links":{"self":[{"href":"https:\/\/www.abchukuk.com\/index.php\/wp-json\/wp\/v2\/posts\/6216","targetHints":{"allow":["GET"]}}],"collection":[{"href":"https:\/\/www.abchukuk.com\/index.php\/wp-json\/wp\/v2\/posts"}],"about":[{"href":"https:\/\/www.abchukuk.com\/index.php\/wp-json\/wp\/v2\/types\/post"}],"author":[{"embeddable":true,"href":"https:\/\/www.abchukuk.com\/index.php\/wp-json\/wp\/v2\/users\/1"}],"replies":[{"embeddable":true,"href":"https:\/\/www.abchukuk.com\/index.php\/wp-json\/wp\/v2\/comments?post=6216"}],"version-history":[{"count":0,"href":"https:\/\/www.abchukuk.com\/index.php\/wp-json\/wp\/v2\/posts\/6216\/revisions"}],"wp:featuredmedia":[{"embeddable":true,"href":"https:\/\/www.abchukuk.com\/index.php\/wp-json\/wp\/v2\/media\/6217"}],"wp:attachment":[{"href":"https:\/\/www.abchukuk.com\/index.php\/wp-json\/wp\/v2\/media?parent=6216"}],"wp:term":[{"taxonomy":"category","embeddable":true,"href":"https:\/\/www.abchukuk.com\/index.php\/wp-json\/wp\/v2\/categories?post=6216"},{"taxonomy":"post_tag","embeddable":true,"href":"https:\/\/www.abchukuk.com\/index.php\/wp-json\/wp\/v2\/tags?post=6216"}],"curies":[{"name":"wp","href":"https:\/\/api.w.org\/{rel}","templated":true}]}}