{"id":6214,"date":"2025-09-24T08:09:00","date_gmt":"2025-09-24T08:09:00","guid":{"rendered":"https:\/\/www.abchukuk.com\/index.php\/2025\/09\/24\/son-dakika-mahkemeden-chp-istanbul-il-kongresi-icin-durdurma-karari\/"},"modified":"2025-09-24T08:09:00","modified_gmt":"2025-09-24T08:09:00","slug":"son-dakika-mahkemeden-chp-istanbul-il-kongresi-icin-durdurma-karari","status":"publish","type":"post","link":"https:\/\/www.abchukuk.com\/index.php\/2025\/09\/24\/son-dakika-mahkemeden-chp-istanbul-il-kongresi-icin-durdurma-karari\/","title":{"rendered":"Son dakika&#8230; Mahkemeden, CHP \u0130stanbul \u0130l Kongresi i\u00e7in durdurma karar\u0131"},"content":{"rendered":"<p>Son dakika&#8230; \u0130stanbul 45. Asliye Hukuk Mahkemesi, CHP \u0130stanbul \u0130l Kongresi\u2019nin \u00e7al\u0131\u015fmalar\u0131n\u0131n durdurulmas\u0131na karar verdi. \u0130l Kongresi se\u00e7imlerinin yap\u0131lmas\u0131n\u0131n mahkemenin tedbiren verdi\u011fi eski karar\u0131na ayk\u0131r\u0131 oldu\u011fu belirtilirken, ara karar Sar\u0131yer 1. \u0130l\u00e7e Se\u00e7im Kurulu\u2019na da g\u00f6nderildi. CHP Grup Ba\u015fkan Vekili G\u00f6khan G\u00fcnayd\u0131n ise \u201cBiz kongremizi yapaca\u011f\u0131z, YSK karar\u0131n\u0131 bekleyece\u011fiz\u201d diyerek karara tepki g\u00f6sterdi.Son dakika&#8230; \u0130stanbul 45. Asliye Hukuk Mahkemesi, CHP \u0130stanbul \u0130l Kongresi\u2019nin \u00e7al\u0131\u015fmalar\u0131n\u0131n durdurulmas\u0131na karar verdi. \u0130l Kongresi se\u00e7imlerinin yap\u0131lmas\u0131n\u0131n mahkemenin tedbiren verdi\u011fi eski karar\u0131na ayk\u0131r\u0131 oldu\u011fu belirtilirken, ara karar Sar\u0131yer 1. \u0130l\u00e7e Se\u00e7im Kurulu\u2019na da g\u00f6nderildi. CHP Grup Ba\u015fkan Vekili G\u00f6khan G\u00fcnayd\u0131n ise \u201cBiz kongremizi yapaca\u011f\u0131z, YSK karar\u0131n\u0131 bekleyece\u011fiz\u201d diyerek karara tepki g\u00f6sterdi.\u00a0<a href=\"https:\/\/www.dunya.com\/gundem\/son-dakika-mahkemeden-chp-istanbul-il-kongresi-icin-durdurma-karari-haberi-795437\" target=\"_blank\" class=\"feedzy-rss-link-icon\">Read More<\/a><\/p>","protected":false},"excerpt":{"rendered":"<p>Son dakika&#8230; \u0130stanbul 45. Asliye Hukuk Mahkemesi, CHP \u0130stanbul \u0130l Kongresi\u2019nin \u00e7al\u0131\u015fmalar\u0131n\u0131n durdurulmas\u0131na karar verdi. \u0130l Kongresi se\u00e7imlerinin yap\u0131lmas\u0131n\u0131n mahkemenin tedbiren verdi\u011fi eski karar\u0131na ayk\u0131r\u0131 oldu\u011fu belirtilirken, ara karar Sar\u0131yer 1. \u0130l\u00e7e Se\u00e7im Kurulu\u2019na da g\u00f6nderildi. CHP Grup Ba\u015fkan Vekili G\u00f6khan G\u00fcnayd\u0131n ise \u201cBiz kongremizi yapaca\u011f\u0131z, YSK karar\u0131n\u0131 bekleyece\u011fiz\u201d diyerek karara tepki g\u00f6sterdi.Son dakika&#8230; \u0130stanbul [&hellip;]<\/p>\n","protected":false},"author":1,"featured_media":6215,"comment_status":"open","ping_status":"open","sticky":false,"template":"","format":"standard","meta":{"footnotes":"","_links_to":"","_links_to_target":""},"categories":[1],"tags":[],"class_list":["post-6214","post","type-post","status-publish","format-standard","has-post-thumbnail","hentry","category-haberler"],"_links":{"self":[{"href":"https:\/\/www.abchukuk.com\/index.php\/wp-json\/wp\/v2\/posts\/6214","targetHints":{"allow":["GET"]}}],"collection":[{"href":"https:\/\/www.abchukuk.com\/index.php\/wp-json\/wp\/v2\/posts"}],"about":[{"href":"https:\/\/www.abchukuk.com\/index.php\/wp-json\/wp\/v2\/types\/post"}],"author":[{"embeddable":true,"href":"https:\/\/www.abchukuk.com\/index.php\/wp-json\/wp\/v2\/users\/1"}],"replies":[{"embeddable":true,"href":"https:\/\/www.abchukuk.com\/index.php\/wp-json\/wp\/v2\/comments?post=6214"}],"version-history":[{"count":0,"href":"https:\/\/www.abchukuk.com\/index.php\/wp-json\/wp\/v2\/posts\/6214\/revisions"}],"wp:featuredmedia":[{"embeddable":true,"href":"https:\/\/www.abchukuk.com\/index.php\/wp-json\/wp\/v2\/media\/6215"}],"wp:attachment":[{"href":"https:\/\/www.abchukuk.com\/index.php\/wp-json\/wp\/v2\/media?parent=6214"}],"wp:term":[{"taxonomy":"category","embeddable":true,"href":"https:\/\/www.abchukuk.com\/index.php\/wp-json\/wp\/v2\/categories?post=6214"},{"taxonomy":"post_tag","embeddable":true,"href":"https:\/\/www.abchukuk.com\/index.php\/wp-json\/wp\/v2\/tags?post=6214"}],"curies":[{"name":"wp","href":"https:\/\/api.w.org\/{rel}","templated":true}]}}