{"id":6213,"date":"2025-09-24T08:17:35","date_gmt":"2025-09-24T08:17:35","guid":{"rendered":"https:\/\/www.abchukuk.com\/index.php\/2025\/09\/24\/mahkemeden-chpnin-istanbul-il-kongresi-icin-durdurma-talebi-yazi-gonderildi\/"},"modified":"2025-09-24T08:17:35","modified_gmt":"2025-09-24T08:17:35","slug":"mahkemeden-chpnin-istanbul-il-kongresi-icin-durdurma-talebi-yazi-gonderildi","status":"publish","type":"post","link":"https:\/\/www.abchukuk.com\/index.php\/2025\/09\/24\/mahkemeden-chpnin-istanbul-il-kongresi-icin-durdurma-talebi-yazi-gonderildi\/","title":{"rendered":"Mahkemeden CHP&#8217;nin \u0130stanbul \u0130l Kongresi i\u00e7in &#8216;durdurma&#8217; talebi: Yaz\u0131 g\u00f6nderildi"},"content":{"rendered":"<p>\u0130stanbul 45. Asliye Hukuk Mahkemesi, CHP \u0130stanbul \u0130l Ba\u015fkanl\u0131\u011f\u0131 Ola\u011fan\u00fcst\u00fc Kongresi\u2019nin mahkeme karar\u0131na ayk\u0131r\u0131 oldu\u011fu gerek\u00e7esiyle durdurulmas\u0131n\u0131 istedi. Karar, \u0130stanbul Valili\u011fi ve Sar\u0131yer \u0130l\u00e7e Se\u00e7im Kurulu\u2019na bildirildi.\u0130stanbul 45. Asliye Hukuk Mahkemesi, CHP \u0130stanbul \u0130l Ba\u015fkanl\u0131\u011f\u0131 Ola\u011fan\u00fcst\u00fc Kongresi\u2019nin mahkeme karar\u0131na ayk\u0131r\u0131 oldu\u011fu gerek\u00e7esiyle durdurulmas\u0131n\u0131 istedi. Karar, \u0130stanbul Valili\u011fi ve Sar\u0131yer \u0130l\u00e7e Se\u00e7im Kurulu\u2019na bildirildi.\u00a0<a href=\"https:\/\/anlatilaninotesi.com.tr\/20250924\/mahkemeden-chpnin-istanbul-il-kongresi-icin-karar-yazi-gonderildi-1099627480.html\" target=\"_blank\" class=\"feedzy-rss-link-icon\">Read More<\/a><\/p>","protected":false},"excerpt":{"rendered":"<p>\u0130stanbul 45. Asliye Hukuk Mahkemesi, CHP \u0130stanbul \u0130l Ba\u015fkanl\u0131\u011f\u0131 Ola\u011fan\u00fcst\u00fc Kongresi\u2019nin mahkeme karar\u0131na ayk\u0131r\u0131 oldu\u011fu gerek\u00e7esiyle durdurulmas\u0131n\u0131 istedi. Karar, \u0130stanbul Valili\u011fi ve Sar\u0131yer \u0130l\u00e7e Se\u00e7im Kurulu\u2019na bildirildi.\u0130stanbul 45. Asliye Hukuk Mahkemesi, CHP \u0130stanbul \u0130l Ba\u015fkanl\u0131\u011f\u0131 Ola\u011fan\u00fcst\u00fc Kongresi\u2019nin mahkeme karar\u0131na ayk\u0131r\u0131 oldu\u011fu gerek\u00e7esiyle durdurulmas\u0131n\u0131 istedi. Karar, \u0130stanbul Valili\u011fi ve Sar\u0131yer \u0130l\u00e7e Se\u00e7im Kurulu\u2019na bildirildi.\u00a0Read More<\/p>\n","protected":false},"author":1,"featured_media":0,"comment_status":"open","ping_status":"open","sticky":false,"template":"","format":"standard","meta":{"footnotes":"","_links_to":"","_links_to_target":""},"categories":[1],"tags":[],"class_list":["post-6213","post","type-post","status-publish","format-standard","hentry","category-haberler"],"_links":{"self":[{"href":"https:\/\/www.abchukuk.com\/index.php\/wp-json\/wp\/v2\/posts\/6213","targetHints":{"allow":["GET"]}}],"collection":[{"href":"https:\/\/www.abchukuk.com\/index.php\/wp-json\/wp\/v2\/posts"}],"about":[{"href":"https:\/\/www.abchukuk.com\/index.php\/wp-json\/wp\/v2\/types\/post"}],"author":[{"embeddable":true,"href":"https:\/\/www.abchukuk.com\/index.php\/wp-json\/wp\/v2\/users\/1"}],"replies":[{"embeddable":true,"href":"https:\/\/www.abchukuk.com\/index.php\/wp-json\/wp\/v2\/comments?post=6213"}],"version-history":[{"count":0,"href":"https:\/\/www.abchukuk.com\/index.php\/wp-json\/wp\/v2\/posts\/6213\/revisions"}],"wp:attachment":[{"href":"https:\/\/www.abchukuk.com\/index.php\/wp-json\/wp\/v2\/media?parent=6213"}],"wp:term":[{"taxonomy":"category","embeddable":true,"href":"https:\/\/www.abchukuk.com\/index.php\/wp-json\/wp\/v2\/categories?post=6213"},{"taxonomy":"post_tag","embeddable":true,"href":"https:\/\/www.abchukuk.com\/index.php\/wp-json\/wp\/v2\/tags?post=6213"}],"curies":[{"name":"wp","href":"https:\/\/api.w.org\/{rel}","templated":true}]}}