{"id":6207,"date":"2025-09-24T08:30:41","date_gmt":"2025-09-24T08:30:41","guid":{"rendered":"https:\/\/www.abchukuk.com\/index.php\/2025\/09\/24\/bakan-tunc-deprem-bolgesindeki-adalet-yatirimlarimiz-kesintisiz-surecek\/"},"modified":"2025-09-24T08:30:41","modified_gmt":"2025-09-24T08:30:41","slug":"bakan-tunc-deprem-bolgesindeki-adalet-yatirimlarimiz-kesintisiz-surecek","status":"publish","type":"post","link":"https:\/\/www.abchukuk.com\/index.php\/2025\/09\/24\/bakan-tunc-deprem-bolgesindeki-adalet-yatirimlarimiz-kesintisiz-surecek\/","title":{"rendered":"Bakan Tun\u00e7: deprem b\u00f6lgesindeki adalet yat\u0131r\u0131mlar\u0131m\u0131z kesintisiz s\u00fcrecek"},"content":{"rendered":"<p>Deprem b\u00f6lgesindeki illerin her zaman \u00f6ncelikli iller aras\u0131nda oldu\u011funu vurgulayana Adalet Bakan\u0131 Y\u0131lmaz Tun\u00e7, \u201cDepremden etkilenen illerimizde adalet hizmetlerimizin daha g\u00fc\u00e7l\u00fc, daha eri\u015filebilir ve daha modern bir yap\u0131ya kavu\u015fmas\u0131 i\u00e7in \u00f6nemli yat\u0131r\u0131mlar\u0131 hayata ge\u00e7iriyoruz\u201d dedi.<\/p>\n<p>MALATYA\u2019DA D\u00d6RT PROJE B\u0130R ARADA<\/p>\n<p>Malatya\u2019da temeli at\u0131lan projeler hakk\u0131nda da bilgi veren Bakan Tun\u00e7, Malatya Adalet Binas\u0131, Malatya B\u00f6lge Adliye Mahkemesi, Battalgazi lojmanlar\u0131 ve Ye\u015filyurt lojmanlar\u0131nda \u00e7al\u0131\u015fmalar\u0131n aral\u0131ks\u0131z s\u00fcrd\u00fc\u011f\u00fcn\u00fc ifade etti.<\/p>\n<p><img fetchpriority=\"high\" decoding=\"async\" class=\"alignnone size-large wp-image-163176\" src=\"https:\/\/www.son.tv\/wp-content\/uploads\/2025\/09\/WhatsApp-Image-2025-09-24-at-11.29.00-2-1024x577.jpeg\" alt=\"\" width=\"1024\" height=\"577\" \/><\/p>\n<p>\u201cVATANDA\u015eIMIZA H\u0130ZMET EDECEK\u201d<\/p>\n<p>Tun\u00e7, projelerin tamamlanmas\u0131yla birlikte yarg\u0131 mensuplar\u0131n\u0131n ve vatanda\u015flar\u0131n modern bir adalet altyap\u0131s\u0131na kavu\u015faca\u011f\u0131n\u0131 belirtti. \u201cMalatya\u2019m\u0131za de\u011fer katacak projelerimizi en k\u0131sa s\u00fcrede tamamlayarak yarg\u0131 mensuplar\u0131m\u0131z\u0131n, adalet te\u015fkilat\u0131m\u0131z\u0131n ve vatanda\u015flar\u0131m\u0131z\u0131n hizmetine a\u00e7aca\u011f\u0131z\u201d ifadelerini kulland\u0131.<\/p>\n<p>\u201cESK\u0130S\u0130NDEN DAHA \u0130Y\u0130 KONUMA GET\u0130RECE\u011e\u0130Z\u201d<\/p>\n<p>Bakan Tun\u00e7, depremden etkilenen \u015fehirlerin yeniden in\u015fas\u0131nda adalet altyap\u0131s\u0131n\u0131n da \u00f6nemli oldu\u011funa dikkat \u00e7ekerek, \u201cDeprem b\u00f6lgesindeki illerimizi, eskisinden daha iyi konuma getirene kadar \u00e7al\u0131\u015fmalar\u0131m\u0131z\u0131 kesintisiz s\u00fcrd\u00fcrece\u011fiz\u201d dedi.<\/p>\n<p><img decoding=\"async\" class=\"alignnone size-large wp-image-163177\" src=\"https:\/\/www.son.tv\/wp-content\/uploads\/2025\/09\/WhatsApp-Image-2025-09-24-at-11.29.00-1024x565.jpeg\" alt=\"\" width=\"1024\" height=\"565\" \/><\/p>\n<p>Adalet Bakan\u0131 Y\u0131lmaz Tun\u00e7, 6 \u015eubat depremlerinden etkilenen \u015fehirlerde adalet hizmetlerini g\u00fc\u00e7lendirmek i\u00e7in yat\u0131r\u0131mlar\u0131n h\u0131z kesmeden devam etti\u011fini a\u00e7\u0131klad\u0131. Tun\u00e7, Malatya\u2019da yap\u0131m\u0131 s\u00fcren adalet binalar\u0131 ve lojman projelerinin k\u0131sa s\u00fcrede tamamlanarak hizmete a\u00e7\u0131laca\u011f\u0131n\u0131 s\u00f6yledi.\u00a0<a href=\"https:\/\/www.son.tv\/bakan-tunc-deprem-bolgesindeki-adalet-yatirimlarimiz-kesintisiz-surecek\/\" target=\"_blank\" class=\"feedzy-rss-link-icon\">Read More<\/a><\/p>","protected":false},"excerpt":{"rendered":"<p>Deprem b\u00f6lgesindeki illerin her zaman \u00f6ncelikli iller aras\u0131nda oldu\u011funu vurgulayana Adalet Bakan\u0131 Y\u0131lmaz Tun\u00e7, \u201cDepremden etkilenen illerimizde adalet hizmetlerimizin daha g\u00fc\u00e7l\u00fc, daha eri\u015filebilir ve daha modern bir yap\u0131ya kavu\u015fmas\u0131 i\u00e7in \u00f6nemli yat\u0131r\u0131mlar\u0131 hayata ge\u00e7iriyoruz\u201d dedi. MALATYA\u2019DA D\u00d6RT PROJE B\u0130R ARADA Malatya\u2019da temeli at\u0131lan projeler hakk\u0131nda da bilgi veren Bakan Tun\u00e7, Malatya Adalet Binas\u0131, Malatya B\u00f6lge [&hellip;]<\/p>\n","protected":false},"author":1,"featured_media":6208,"comment_status":"open","ping_status":"open","sticky":false,"template":"","format":"standard","meta":{"footnotes":"","_links_to":"","_links_to_target":""},"categories":[1],"tags":[],"class_list":["post-6207","post","type-post","status-publish","format-standard","has-post-thumbnail","hentry","category-haberler"],"_links":{"self":[{"href":"https:\/\/www.abchukuk.com\/index.php\/wp-json\/wp\/v2\/posts\/6207","targetHints":{"allow":["GET"]}}],"collection":[{"href":"https:\/\/www.abchukuk.com\/index.php\/wp-json\/wp\/v2\/posts"}],"about":[{"href":"https:\/\/www.abchukuk.com\/index.php\/wp-json\/wp\/v2\/types\/post"}],"author":[{"embeddable":true,"href":"https:\/\/www.abchukuk.com\/index.php\/wp-json\/wp\/v2\/users\/1"}],"replies":[{"embeddable":true,"href":"https:\/\/www.abchukuk.com\/index.php\/wp-json\/wp\/v2\/comments?post=6207"}],"version-history":[{"count":0,"href":"https:\/\/www.abchukuk.com\/index.php\/wp-json\/wp\/v2\/posts\/6207\/revisions"}],"wp:featuredmedia":[{"embeddable":true,"href":"https:\/\/www.abchukuk.com\/index.php\/wp-json\/wp\/v2\/media\/6208"}],"wp:attachment":[{"href":"https:\/\/www.abchukuk.com\/index.php\/wp-json\/wp\/v2\/media?parent=6207"}],"wp:term":[{"taxonomy":"category","embeddable":true,"href":"https:\/\/www.abchukuk.com\/index.php\/wp-json\/wp\/v2\/categories?post=6207"},{"taxonomy":"post_tag","embeddable":true,"href":"https:\/\/www.abchukuk.com\/index.php\/wp-json\/wp\/v2\/tags?post=6207"}],"curies":[{"name":"wp","href":"https:\/\/api.w.org\/{rel}","templated":true}]}}