{"id":6203,"date":"2025-09-24T08:42:00","date_gmt":"2025-09-24T08:42:00","guid":{"rendered":"https:\/\/www.abchukuk.com\/index.php\/2025\/09\/24\/chpden-mahkemenin-kongre-kararina-tepki-hsk-bu-hakimi-derhal-aciga-almali\/"},"modified":"2025-09-24T08:42:00","modified_gmt":"2025-09-24T08:42:00","slug":"chpden-mahkemenin-kongre-kararina-tepki-hsk-bu-hakimi-derhal-aciga-almali","status":"publish","type":"post","link":"https:\/\/www.abchukuk.com\/index.php\/2025\/09\/24\/chpden-mahkemenin-kongre-kararina-tepki-hsk-bu-hakimi-derhal-aciga-almali\/","title":{"rendered":"CHP&#8217;den mahkemenin &#8216;kongre&#8217; karar\u0131na tepki: &#8216;HSK bu hakimi derhal a\u00e7\u0131\u011fa almal\u0131&#8217;"},"content":{"rendered":"<p>CHP Grup Ba\u015fkanvekili Ali Mahir Ba\u015far\u0131r, partinin Ola\u011fan\u00fcst\u00fc \u0130stanbul \u0130l Kongresi\u2019nin tedbiren durdurulmas\u0131 talebi \u00fczerine &#8220;Bu hakim Anayasa\u2019ya, se\u00e7im hukukuna, millet iradesine darbe yap\u0131yor! HSK derhal soru\u015fturma a\u00e7\u0131p, bu hakimi a\u00e7\u0131\u011fa almal\u0131d\u0131r!&#8221; \u00e7a\u011fr\u0131s\u0131 yapt\u0131.CHP Grup Ba\u015fkanvekili Ali Mahir Ba\u015far\u0131r, partinin Ola\u011fan\u00fcst\u00fc \u0130stanbul \u0130l Kongresi\u2019nin tedbiren durdurulmas\u0131 talebi \u00fczerine &#8220;Bu hakim Anayasa\u2019ya, se\u00e7im hukukuna, millet iradesine darbe yap\u0131yor! HSK derhal soru\u015fturma a\u00e7\u0131p, bu hakimi a\u00e7\u0131\u011fa almal\u0131d\u0131r!&#8221; \u00e7a\u011fr\u0131s\u0131 yapt\u0131.\u00a0<a href=\"https:\/\/www.cumhuriyet.com.tr\/siyaset\/chp-den-mahkemenin-kongre-kararina-tepki-hsk-bu-hakimi-derhal-aciga-almali-2437858\" target=\"_blank\" class=\"feedzy-rss-link-icon\">Read More<\/a><\/p>","protected":false},"excerpt":{"rendered":"<p>CHP Grup Ba\u015fkanvekili Ali Mahir Ba\u015far\u0131r, partinin Ola\u011fan\u00fcst\u00fc \u0130stanbul \u0130l Kongresi\u2019nin tedbiren durdurulmas\u0131 talebi \u00fczerine &#8220;Bu hakim Anayasa\u2019ya, se\u00e7im hukukuna, millet iradesine darbe yap\u0131yor! HSK derhal soru\u015fturma a\u00e7\u0131p, bu hakimi a\u00e7\u0131\u011fa almal\u0131d\u0131r!&#8221; \u00e7a\u011fr\u0131s\u0131 yapt\u0131.CHP Grup Ba\u015fkanvekili Ali Mahir Ba\u015far\u0131r, partinin Ola\u011fan\u00fcst\u00fc \u0130stanbul \u0130l Kongresi\u2019nin tedbiren durdurulmas\u0131 talebi \u00fczerine &#8220;Bu hakim Anayasa\u2019ya, se\u00e7im hukukuna, millet iradesine [&hellip;]<\/p>\n","protected":false},"author":1,"featured_media":6204,"comment_status":"open","ping_status":"open","sticky":false,"template":"","format":"standard","meta":{"footnotes":"","_links_to":"","_links_to_target":""},"categories":[1],"tags":[],"class_list":["post-6203","post","type-post","status-publish","format-standard","has-post-thumbnail","hentry","category-haberler"],"_links":{"self":[{"href":"https:\/\/www.abchukuk.com\/index.php\/wp-json\/wp\/v2\/posts\/6203","targetHints":{"allow":["GET"]}}],"collection":[{"href":"https:\/\/www.abchukuk.com\/index.php\/wp-json\/wp\/v2\/posts"}],"about":[{"href":"https:\/\/www.abchukuk.com\/index.php\/wp-json\/wp\/v2\/types\/post"}],"author":[{"embeddable":true,"href":"https:\/\/www.abchukuk.com\/index.php\/wp-json\/wp\/v2\/users\/1"}],"replies":[{"embeddable":true,"href":"https:\/\/www.abchukuk.com\/index.php\/wp-json\/wp\/v2\/comments?post=6203"}],"version-history":[{"count":0,"href":"https:\/\/www.abchukuk.com\/index.php\/wp-json\/wp\/v2\/posts\/6203\/revisions"}],"wp:featuredmedia":[{"embeddable":true,"href":"https:\/\/www.abchukuk.com\/index.php\/wp-json\/wp\/v2\/media\/6204"}],"wp:attachment":[{"href":"https:\/\/www.abchukuk.com\/index.php\/wp-json\/wp\/v2\/media?parent=6203"}],"wp:term":[{"taxonomy":"category","embeddable":true,"href":"https:\/\/www.abchukuk.com\/index.php\/wp-json\/wp\/v2\/categories?post=6203"},{"taxonomy":"post_tag","embeddable":true,"href":"https:\/\/www.abchukuk.com\/index.php\/wp-json\/wp\/v2\/tags?post=6203"}],"curies":[{"name":"wp","href":"https:\/\/api.w.org\/{rel}","templated":true}]}}