{"id":6199,"date":"2025-09-24T08:49:19","date_gmt":"2025-09-24T08:49:19","guid":{"rendered":"https:\/\/www.abchukuk.com\/index.php\/2025\/09\/24\/elon-muskin-babasi-errol-musk-cocuklara-cinsel-istismarda-bulunmakla-suclandi\/"},"modified":"2025-09-24T08:49:19","modified_gmt":"2025-09-24T08:49:19","slug":"elon-muskin-babasi-errol-musk-cocuklara-cinsel-istismarda-bulunmakla-suclandi","status":"publish","type":"post","link":"https:\/\/www.abchukuk.com\/index.php\/2025\/09\/24\/elon-muskin-babasi-errol-musk-cocuklara-cinsel-istismarda-bulunmakla-suclandi\/","title":{"rendered":"Elon Musk\u2019\u0131n Babas\u0131 Errol Musk, \u00e7ocuklara cinsel istismarda bulunmakla su\u00e7land\u0131"},"content":{"rendered":"<p>Tesla CEO\u2019su Elon Musk\u2019\u0131n babas\u0131 Errol Musk, aralar\u0131nda \u00fcvey \u00e7ocuklar\u0131n\u0131n da bulundu\u011fu be\u015f \u00e7ocu\u011fa y\u00f6nelik cinsel istismar su\u00e7lamalar\u0131yla g\u00fcndemde. New York Times\u2019\u0131n ara\u015ft\u0131rmas\u0131, G\u00fcney Afrika ve ABD\u2019deki polis-kay\u0131tlar\u0131, sosyal hizmet raporlar\u0131 ve aile \u00fcyelerinin ifadelerine dayan\u0131yor. Errol Musk iddialar\u0131 kesin bir dille reddetti.Tesla CEO\u2019su Elon Musk\u2019\u0131n babas\u0131 Errol Musk, aralar\u0131nda \u00fcvey \u00e7ocuklar\u0131n\u0131n da bulundu\u011fu be\u015f \u00e7ocu\u011fa y\u00f6nelik cinsel istismar su\u00e7lamalar\u0131yla g\u00fcndemde. New York Times\u2019\u0131n ara\u015ft\u0131rmas\u0131, G\u00fcney Afrika ve ABD\u2019deki polis-kay\u0131tlar\u0131, sosyal hizmet raporlar\u0131 ve aile \u00fcyelerinin ifadelerine dayan\u0131yor. Errol Musk iddialar\u0131 kesin bir dille reddetti.\u00a0<a href=\"https:\/\/anlatilaninotesi.com.tr\/20250924\/elon-muskin-babasi-errol-musk-cocuklara-cinsel-istismarda-bulunmakla-suclandi-1099628278.html\" target=\"_blank\" class=\"feedzy-rss-link-icon\">Read More<\/a><\/p>","protected":false},"excerpt":{"rendered":"<p>Tesla CEO\u2019su Elon Musk\u2019\u0131n babas\u0131 Errol Musk, aralar\u0131nda \u00fcvey \u00e7ocuklar\u0131n\u0131n da bulundu\u011fu be\u015f \u00e7ocu\u011fa y\u00f6nelik cinsel istismar su\u00e7lamalar\u0131yla g\u00fcndemde. New York Times\u2019\u0131n ara\u015ft\u0131rmas\u0131, G\u00fcney Afrika ve ABD\u2019deki polis-kay\u0131tlar\u0131, sosyal hizmet raporlar\u0131 ve aile \u00fcyelerinin ifadelerine dayan\u0131yor. Errol Musk iddialar\u0131 kesin bir dille reddetti.Tesla CEO\u2019su Elon Musk\u2019\u0131n babas\u0131 Errol Musk, aralar\u0131nda \u00fcvey \u00e7ocuklar\u0131n\u0131n da bulundu\u011fu be\u015f [&hellip;]<\/p>\n","protected":false},"author":1,"featured_media":6200,"comment_status":"open","ping_status":"open","sticky":false,"template":"","format":"standard","meta":{"footnotes":"","_links_to":"","_links_to_target":""},"categories":[1],"tags":[],"class_list":["post-6199","post","type-post","status-publish","format-standard","has-post-thumbnail","hentry","category-haberler"],"_links":{"self":[{"href":"https:\/\/www.abchukuk.com\/index.php\/wp-json\/wp\/v2\/posts\/6199","targetHints":{"allow":["GET"]}}],"collection":[{"href":"https:\/\/www.abchukuk.com\/index.php\/wp-json\/wp\/v2\/posts"}],"about":[{"href":"https:\/\/www.abchukuk.com\/index.php\/wp-json\/wp\/v2\/types\/post"}],"author":[{"embeddable":true,"href":"https:\/\/www.abchukuk.com\/index.php\/wp-json\/wp\/v2\/users\/1"}],"replies":[{"embeddable":true,"href":"https:\/\/www.abchukuk.com\/index.php\/wp-json\/wp\/v2\/comments?post=6199"}],"version-history":[{"count":0,"href":"https:\/\/www.abchukuk.com\/index.php\/wp-json\/wp\/v2\/posts\/6199\/revisions"}],"wp:featuredmedia":[{"embeddable":true,"href":"https:\/\/www.abchukuk.com\/index.php\/wp-json\/wp\/v2\/media\/6200"}],"wp:attachment":[{"href":"https:\/\/www.abchukuk.com\/index.php\/wp-json\/wp\/v2\/media?parent=6199"}],"wp:term":[{"taxonomy":"category","embeddable":true,"href":"https:\/\/www.abchukuk.com\/index.php\/wp-json\/wp\/v2\/categories?post=6199"},{"taxonomy":"post_tag","embeddable":true,"href":"https:\/\/www.abchukuk.com\/index.php\/wp-json\/wp\/v2\/tags?post=6199"}],"curies":[{"name":"wp","href":"https:\/\/api.w.org\/{rel}","templated":true}]}}