{"id":6197,"date":"2025-09-24T08:52:00","date_gmt":"2025-09-24T08:52:00","guid":{"rendered":"https:\/\/www.abchukuk.com\/index.php\/2025\/09\/24\/chp-itiraz-etmisti-tarih-belli-oldu-kayyum-karari-durusmali-olarak-gorulecek\/"},"modified":"2025-09-24T08:52:00","modified_gmt":"2025-09-24T08:52:00","slug":"chp-itiraz-etmisti-tarih-belli-oldu-kayyum-karari-durusmali-olarak-gorulecek","status":"publish","type":"post","link":"https:\/\/www.abchukuk.com\/index.php\/2025\/09\/24\/chp-itiraz-etmisti-tarih-belli-oldu-kayyum-karari-durusmali-olarak-gorulecek\/","title":{"rendered":"CHP itiraz etmi\u015fti, tarih belli oldu: &#8216;Kayyum karar\u0131&#8217; duru\u015fmal\u0131 olarak g\u00f6r\u00fclecek"},"content":{"rendered":"<p>Mahkeme karar\u0131yla g\u00f6revden uzakla\u015ft\u0131r\u0131lan CHP \u0130stanbul \u0130l Ba\u015fkan\u0131 \u00d6zg\u00fcr \u00c7elik ve CHP avukatlar\u0131n\u0131n, &#8216;\u0130htiyati tedbir&#8217; karar\u0131na ili\u015fkin yapt\u0131\u011f\u0131 itirazlar\u0131n \u0130stanbul 45. Asliye Hukuk Mahkemesi\u2019nde duru\u015fmal\u0131 olarak g\u00f6r\u00fclmesi kararla\u015ft\u0131r\u0131ld\u0131.Mahkeme karar\u0131yla g\u00f6revden uzakla\u015ft\u0131r\u0131lan CHP \u0130stanbul \u0130l Ba\u015fkan\u0131 \u00d6zg\u00fcr \u00c7elik ve CHP avukatlar\u0131n\u0131n, &#8216;\u0130htiyati tedbir&#8217; karar\u0131na ili\u015fkin yapt\u0131\u011f\u0131 itirazlar\u0131n \u0130stanbul 45. Asliye Hukuk Mahkemesi\u2019nde duru\u015fmal\u0131 olarak g\u00f6r\u00fclmesi kararla\u015ft\u0131r\u0131ld\u0131.\u00a0<a href=\"https:\/\/www.cumhuriyet.com.tr\/turkiye\/chp-itiraz-etmisti-tarih-belli-oldu-kayyum-karari-durusmali-olarak-gorulecek-2437861\" target=\"_blank\" class=\"feedzy-rss-link-icon\">Read More<\/a><\/p>","protected":false},"excerpt":{"rendered":"<p>Mahkeme karar\u0131yla g\u00f6revden uzakla\u015ft\u0131r\u0131lan CHP \u0130stanbul \u0130l Ba\u015fkan\u0131 \u00d6zg\u00fcr \u00c7elik ve CHP avukatlar\u0131n\u0131n, &#8216;\u0130htiyati tedbir&#8217; karar\u0131na ili\u015fkin yapt\u0131\u011f\u0131 itirazlar\u0131n \u0130stanbul 45. Asliye Hukuk Mahkemesi\u2019nde duru\u015fmal\u0131 olarak g\u00f6r\u00fclmesi kararla\u015ft\u0131r\u0131ld\u0131.Mahkeme karar\u0131yla g\u00f6revden uzakla\u015ft\u0131r\u0131lan CHP \u0130stanbul \u0130l Ba\u015fkan\u0131 \u00d6zg\u00fcr \u00c7elik ve CHP avukatlar\u0131n\u0131n, &#8216;\u0130htiyati tedbir&#8217; karar\u0131na ili\u015fkin yapt\u0131\u011f\u0131 itirazlar\u0131n \u0130stanbul 45. Asliye Hukuk Mahkemesi\u2019nde duru\u015fmal\u0131 olarak g\u00f6r\u00fclmesi kararla\u015ft\u0131r\u0131ld\u0131.\u00a0Read [&hellip;]<\/p>\n","protected":false},"author":1,"featured_media":6198,"comment_status":"open","ping_status":"open","sticky":false,"template":"","format":"standard","meta":{"footnotes":"","_links_to":"","_links_to_target":""},"categories":[1],"tags":[],"class_list":["post-6197","post","type-post","status-publish","format-standard","has-post-thumbnail","hentry","category-haberler"],"_links":{"self":[{"href":"https:\/\/www.abchukuk.com\/index.php\/wp-json\/wp\/v2\/posts\/6197","targetHints":{"allow":["GET"]}}],"collection":[{"href":"https:\/\/www.abchukuk.com\/index.php\/wp-json\/wp\/v2\/posts"}],"about":[{"href":"https:\/\/www.abchukuk.com\/index.php\/wp-json\/wp\/v2\/types\/post"}],"author":[{"embeddable":true,"href":"https:\/\/www.abchukuk.com\/index.php\/wp-json\/wp\/v2\/users\/1"}],"replies":[{"embeddable":true,"href":"https:\/\/www.abchukuk.com\/index.php\/wp-json\/wp\/v2\/comments?post=6197"}],"version-history":[{"count":0,"href":"https:\/\/www.abchukuk.com\/index.php\/wp-json\/wp\/v2\/posts\/6197\/revisions"}],"wp:featuredmedia":[{"embeddable":true,"href":"https:\/\/www.abchukuk.com\/index.php\/wp-json\/wp\/v2\/media\/6198"}],"wp:attachment":[{"href":"https:\/\/www.abchukuk.com\/index.php\/wp-json\/wp\/v2\/media?parent=6197"}],"wp:term":[{"taxonomy":"category","embeddable":true,"href":"https:\/\/www.abchukuk.com\/index.php\/wp-json\/wp\/v2\/categories?post=6197"},{"taxonomy":"post_tag","embeddable":true,"href":"https:\/\/www.abchukuk.com\/index.php\/wp-json\/wp\/v2\/tags?post=6197"}],"curies":[{"name":"wp","href":"https:\/\/api.w.org\/{rel}","templated":true}]}}