{"id":6193,"date":"2025-09-24T07:13:33","date_gmt":"2025-09-24T07:13:33","guid":{"rendered":"https:\/\/www.abchukuk.com\/index.php\/2025\/09\/24\/iktidara-yakin-sabah-gazetesi-yazdi-chpnin-son-kurultayi-da-mi-mahkemelik-oluyor\/"},"modified":"2025-09-24T07:13:33","modified_gmt":"2025-09-24T07:13:33","slug":"iktidara-yakin-sabah-gazetesi-yazdi-chpnin-son-kurultayi-da-mi-mahkemelik-oluyor","status":"publish","type":"post","link":"https:\/\/www.abchukuk.com\/index.php\/2025\/09\/24\/iktidara-yakin-sabah-gazetesi-yazdi-chpnin-son-kurultayi-da-mi-mahkemelik-oluyor\/","title":{"rendered":"\u0130ktidara Yak\u0131n Sabah Gazetesi Yazd\u0131&#8230; CHP&#8217;nin Son Kurultay\u0131 da m\u0131 Mahkemelik Oluyor?"},"content":{"rendered":"<p><a href=\"https:\/\/www.gercekgundem.com\/siyaset\/iktidara-yakin-sabah-gazetesi-yazdi-chpnin-son-kurultayi-da-mi-mahkemelik-oluyor-556710\"><br \/>\n                                                            <img decoding=\"async\" src=\"https:\/\/i.gercekgundem.com\/2\/150\/84\/storage\/files\/images\/2025\/09\/24\/iktidara-yakin-sabah-gazetesi-yazdi-chpnin-son-kurultayi-da-mi-mahkemelik-oluyor-k8vc.jpg\" width=\"150\" height=\"84\" border=\"0\" align=\"right\" \/><br \/>\n                                                    <\/a><\/p>\n<h4>CHP&#8217;de kurultay gerilimi s\u00fcr\u00fcyor. Baz\u0131 delegelerin 22. Ola\u011fan\u00fcst\u00fc Kurultay i\u00e7in toplanan 662 imzan\u0131n, t\u00fcz\u00fckteki salt \u00e7o\u011funluk \u015fart\u0131n\u0131 (684) kar\u015f\u0131lamad\u0131\u011f\u0131n\u0131 \u00f6ne s\u00fcrerek mahkemeye ba\u015fvurma haz\u0131rl\u0131\u011f\u0131nda oldu\u011fu iddia edildi. G\u00fcvenoyu talebinin hukuka ayk\u0131r\u0131 oldu\u011fu savunulurken, YSK ve se\u00e7im kurullar\u0131 \u00f6nceki iptal taleplerini reddetmi\u015fti.<\/h4>\n<p>CHP&#8217;de kurultay gerilimi s\u00fcr\u00fcyor. Baz\u0131 delegelerin 22. Ola\u011fan\u00fcst\u00fc Kurultay i\u00e7in toplanan 662 imzan\u0131n, t\u00fcz\u00fckteki salt \u00e7o\u011funluk \u015fart\u0131n\u0131 (684) kar\u015f\u0131lamad\u0131\u011f\u0131n\u0131 \u00f6ne s\u00fcrerek mahkemeye ba\u015fvurma haz\u0131rl\u0131\u011f\u0131nda oldu\u011fu iddia edildi. G\u00fcvenoyu talebinin hukuka ayk\u0131r\u0131 oldu\u011fu savunulurken, YSK ve se\u00e7im kurullar\u0131 \u00f6nceki iptal taleplerini reddetmi\u015fti.\u00a0<a href=\"https:\/\/www.gercekgundem.com\/siyaset\/iktidara-yakin-sabah-gazetesi-yazdi-chpnin-son-kurultayi-da-mi-mahkemelik-oluyor-556710\" target=\"_blank\" class=\"feedzy-rss-link-icon\">Read More<\/a><\/p>","protected":false},"excerpt":{"rendered":"<p>CHP&#8217;de kurultay gerilimi s\u00fcr\u00fcyor. Baz\u0131 delegelerin 22. Ola\u011fan\u00fcst\u00fc Kurultay i\u00e7in toplanan 662 imzan\u0131n, t\u00fcz\u00fckteki salt \u00e7o\u011funluk \u015fart\u0131n\u0131 (684) kar\u015f\u0131lamad\u0131\u011f\u0131n\u0131 \u00f6ne s\u00fcrerek mahkemeye ba\u015fvurma haz\u0131rl\u0131\u011f\u0131nda oldu\u011fu iddia edildi. G\u00fcvenoyu talebinin hukuka ayk\u0131r\u0131 oldu\u011fu savunulurken, YSK ve se\u00e7im kurullar\u0131 \u00f6nceki iptal taleplerini reddetmi\u015fti. CHP&#8217;de kurultay gerilimi s\u00fcr\u00fcyor. Baz\u0131 delegelerin 22. Ola\u011fan\u00fcst\u00fc Kurultay i\u00e7in toplanan 662 imzan\u0131n, t\u00fcz\u00fckteki [&hellip;]<\/p>\n","protected":false},"author":1,"featured_media":6194,"comment_status":"open","ping_status":"open","sticky":false,"template":"","format":"standard","meta":{"footnotes":"","_links_to":"","_links_to_target":""},"categories":[1],"tags":[],"class_list":["post-6193","post","type-post","status-publish","format-standard","has-post-thumbnail","hentry","category-haberler"],"_links":{"self":[{"href":"https:\/\/www.abchukuk.com\/index.php\/wp-json\/wp\/v2\/posts\/6193","targetHints":{"allow":["GET"]}}],"collection":[{"href":"https:\/\/www.abchukuk.com\/index.php\/wp-json\/wp\/v2\/posts"}],"about":[{"href":"https:\/\/www.abchukuk.com\/index.php\/wp-json\/wp\/v2\/types\/post"}],"author":[{"embeddable":true,"href":"https:\/\/www.abchukuk.com\/index.php\/wp-json\/wp\/v2\/users\/1"}],"replies":[{"embeddable":true,"href":"https:\/\/www.abchukuk.com\/index.php\/wp-json\/wp\/v2\/comments?post=6193"}],"version-history":[{"count":0,"href":"https:\/\/www.abchukuk.com\/index.php\/wp-json\/wp\/v2\/posts\/6193\/revisions"}],"wp:featuredmedia":[{"embeddable":true,"href":"https:\/\/www.abchukuk.com\/index.php\/wp-json\/wp\/v2\/media\/6194"}],"wp:attachment":[{"href":"https:\/\/www.abchukuk.com\/index.php\/wp-json\/wp\/v2\/media?parent=6193"}],"wp:term":[{"taxonomy":"category","embeddable":true,"href":"https:\/\/www.abchukuk.com\/index.php\/wp-json\/wp\/v2\/categories?post=6193"},{"taxonomy":"post_tag","embeddable":true,"href":"https:\/\/www.abchukuk.com\/index.php\/wp-json\/wp\/v2\/tags?post=6193"}],"curies":[{"name":"wp","href":"https:\/\/api.w.org\/{rel}","templated":true}]}}