{"id":6181,"date":"2025-09-24T05:52:00","date_gmt":"2025-09-24T05:52:00","guid":{"rendered":"https:\/\/www.abchukuk.com\/index.php\/2025\/09\/24\/turk-vatandasligi-icin-muvazaali-satis-yapan-ceteye-operasyon-cok-sayida-gozalti-var\/"},"modified":"2025-09-24T05:52:00","modified_gmt":"2025-09-24T05:52:00","slug":"turk-vatandasligi-icin-muvazaali-satis-yapan-ceteye-operasyon-cok-sayida-gozalti-var","status":"publish","type":"post","link":"https:\/\/www.abchukuk.com\/index.php\/2025\/09\/24\/turk-vatandasligi-icin-muvazaali-satis-yapan-ceteye-operasyon-cok-sayida-gozalti-var\/","title":{"rendered":"T\u00fcrk vatanda\u015fl\u0131\u011f\u0131 i\u00e7in muvazaal\u0131 sat\u0131\u015f yapan \u00e7eteye operasyon: \u00c7ok say\u0131da g\u00f6zalt\u0131 var!"},"content":{"rendered":"<p>Bakan Ali Yerlikaya, yabanc\u0131lar\u0131n T\u00fcrk vatanda\u015f\u0131 olabilmesi i\u00e7in &#8220;muvazaal\u0131 gayrimenkul sat\u0131\u015f\u0131&#8221; yapan organize su\u00e7 \u00f6rg\u00fct\u00fcn\u00fcn \u00e7\u00f6kertildi\u011fini, 106 \u015f\u00fcphelinin yakaland\u0131\u011f\u0131n\u0131 bildirdi.Bakan Ali Yerlikaya, yabanc\u0131lar\u0131n T\u00fcrk vatanda\u015f\u0131 olabilmesi i\u00e7in &#8220;muvazaal\u0131 gayrimenkul sat\u0131\u015f\u0131&#8221; yapan organize su\u00e7 \u00f6rg\u00fct\u00fcn\u00fcn \u00e7\u00f6kertildi\u011fini, 106 \u015f\u00fcphelinin yakaland\u0131\u011f\u0131n\u0131 bildirdi.\u00a0<a href=\"https:\/\/www.cumhuriyet.com.tr\/turkiye\/turk-vatandasligi-icin-muvazaali-satis-yapan-ceteye-operasyon-cok-sayida-gozalti-var-2437778\" target=\"_blank\" class=\"feedzy-rss-link-icon\">Read More<\/a><\/p>","protected":false},"excerpt":{"rendered":"<p>Bakan Ali Yerlikaya, yabanc\u0131lar\u0131n T\u00fcrk vatanda\u015f\u0131 olabilmesi i\u00e7in &#8220;muvazaal\u0131 gayrimenkul sat\u0131\u015f\u0131&#8221; yapan organize su\u00e7 \u00f6rg\u00fct\u00fcn\u00fcn \u00e7\u00f6kertildi\u011fini, 106 \u015f\u00fcphelinin yakaland\u0131\u011f\u0131n\u0131 bildirdi.Bakan Ali Yerlikaya, yabanc\u0131lar\u0131n T\u00fcrk vatanda\u015f\u0131 olabilmesi i\u00e7in &#8220;muvazaal\u0131 gayrimenkul sat\u0131\u015f\u0131&#8221; yapan organize su\u00e7 \u00f6rg\u00fct\u00fcn\u00fcn \u00e7\u00f6kertildi\u011fini, 106 \u015f\u00fcphelinin yakaland\u0131\u011f\u0131n\u0131 bildirdi.\u00a0Read More<\/p>\n","protected":false},"author":1,"featured_media":6182,"comment_status":"open","ping_status":"open","sticky":false,"template":"","format":"standard","meta":{"footnotes":"","_links_to":"","_links_to_target":""},"categories":[1],"tags":[],"class_list":["post-6181","post","type-post","status-publish","format-standard","has-post-thumbnail","hentry","category-haberler"],"_links":{"self":[{"href":"https:\/\/www.abchukuk.com\/index.php\/wp-json\/wp\/v2\/posts\/6181","targetHints":{"allow":["GET"]}}],"collection":[{"href":"https:\/\/www.abchukuk.com\/index.php\/wp-json\/wp\/v2\/posts"}],"about":[{"href":"https:\/\/www.abchukuk.com\/index.php\/wp-json\/wp\/v2\/types\/post"}],"author":[{"embeddable":true,"href":"https:\/\/www.abchukuk.com\/index.php\/wp-json\/wp\/v2\/users\/1"}],"replies":[{"embeddable":true,"href":"https:\/\/www.abchukuk.com\/index.php\/wp-json\/wp\/v2\/comments?post=6181"}],"version-history":[{"count":0,"href":"https:\/\/www.abchukuk.com\/index.php\/wp-json\/wp\/v2\/posts\/6181\/revisions"}],"wp:featuredmedia":[{"embeddable":true,"href":"https:\/\/www.abchukuk.com\/index.php\/wp-json\/wp\/v2\/media\/6182"}],"wp:attachment":[{"href":"https:\/\/www.abchukuk.com\/index.php\/wp-json\/wp\/v2\/media?parent=6181"}],"wp:term":[{"taxonomy":"category","embeddable":true,"href":"https:\/\/www.abchukuk.com\/index.php\/wp-json\/wp\/v2\/categories?post=6181"},{"taxonomy":"post_tag","embeddable":true,"href":"https:\/\/www.abchukuk.com\/index.php\/wp-json\/wp\/v2\/tags?post=6181"}],"curies":[{"name":"wp","href":"https:\/\/api.w.org\/{rel}","templated":true}]}}