{"id":6173,"date":"2025-09-24T01:00:00","date_gmt":"2025-09-24T01:00:00","guid":{"rendered":"https:\/\/www.abchukuk.com\/index.php\/2025\/09\/24\/iski-genel-muduru-safak-basanin-ev-hapsi-istanbulun-suyunu-korudu-bedelini-odedi\/"},"modified":"2025-09-24T01:00:00","modified_gmt":"2025-09-24T01:00:00","slug":"iski-genel-muduru-safak-basanin-ev-hapsi-istanbulun-suyunu-korudu-bedelini-odedi","status":"publish","type":"post","link":"https:\/\/www.abchukuk.com\/index.php\/2025\/09\/24\/iski-genel-muduru-safak-basanin-ev-hapsi-istanbulun-suyunu-korudu-bedelini-odedi\/","title":{"rendered":"\u0130SK\u0130 Genel M\u00fcd\u00fcr\u00fc \u015eafak Ba\u015fa\u2019n\u0131n ev hapsi: \u0130stanbul\u2019un suyunu korudu, bedelini \u00f6dedi"},"content":{"rendered":"<p>\u0130SK\u0130, kay\u0131p-ka\u00e7ak oran\u0131n\u0131 d\u00fc\u015f\u00fcrerek su tasarrufu sa\u011flad\u0131, \u0130stanbul\u2019da kesinti ya\u015fanmad\u0131. Ancak Genel M\u00fcd\u00fcr \u015eafak Ba\u015fa, y\u00fcr\u00fct\u00fclen soru\u015fturma kapsam\u0131nda ev hapsinde.\u0130SK\u0130, kay\u0131p-ka\u00e7ak oran\u0131n\u0131 d\u00fc\u015f\u00fcrerek su tasarrufu sa\u011flad\u0131, \u0130stanbul\u2019da kesinti ya\u015fanmad\u0131. Ancak Genel M\u00fcd\u00fcr \u015eafak Ba\u015fa, y\u00fcr\u00fct\u00fclen soru\u015fturma kapsam\u0131nda ev hapsinde.\u00a0<a href=\"https:\/\/www.cumhuriyet.com.tr\/turkiye\/iski-genel-muduru-safak-basa-nin-ev-hapsi-istanbul-un-suyunu-korudu-bedelini-odedi-2437751\" target=\"_blank\" class=\"feedzy-rss-link-icon\">Read More<\/a><\/p>","protected":false},"excerpt":{"rendered":"<p>\u0130SK\u0130, kay\u0131p-ka\u00e7ak oran\u0131n\u0131 d\u00fc\u015f\u00fcrerek su tasarrufu sa\u011flad\u0131, \u0130stanbul\u2019da kesinti ya\u015fanmad\u0131. Ancak Genel M\u00fcd\u00fcr \u015eafak Ba\u015fa, y\u00fcr\u00fct\u00fclen soru\u015fturma kapsam\u0131nda ev hapsinde.\u0130SK\u0130, kay\u0131p-ka\u00e7ak oran\u0131n\u0131 d\u00fc\u015f\u00fcrerek su tasarrufu sa\u011flad\u0131, \u0130stanbul\u2019da kesinti ya\u015fanmad\u0131. Ancak Genel M\u00fcd\u00fcr \u015eafak Ba\u015fa, y\u00fcr\u00fct\u00fclen soru\u015fturma kapsam\u0131nda ev hapsinde.\u00a0Read More<\/p>\n","protected":false},"author":1,"featured_media":6174,"comment_status":"open","ping_status":"open","sticky":false,"template":"","format":"standard","meta":{"footnotes":"","_links_to":"","_links_to_target":""},"categories":[1],"tags":[],"class_list":["post-6173","post","type-post","status-publish","format-standard","has-post-thumbnail","hentry","category-haberler"],"_links":{"self":[{"href":"https:\/\/www.abchukuk.com\/index.php\/wp-json\/wp\/v2\/posts\/6173","targetHints":{"allow":["GET"]}}],"collection":[{"href":"https:\/\/www.abchukuk.com\/index.php\/wp-json\/wp\/v2\/posts"}],"about":[{"href":"https:\/\/www.abchukuk.com\/index.php\/wp-json\/wp\/v2\/types\/post"}],"author":[{"embeddable":true,"href":"https:\/\/www.abchukuk.com\/index.php\/wp-json\/wp\/v2\/users\/1"}],"replies":[{"embeddable":true,"href":"https:\/\/www.abchukuk.com\/index.php\/wp-json\/wp\/v2\/comments?post=6173"}],"version-history":[{"count":0,"href":"https:\/\/www.abchukuk.com\/index.php\/wp-json\/wp\/v2\/posts\/6173\/revisions"}],"wp:featuredmedia":[{"embeddable":true,"href":"https:\/\/www.abchukuk.com\/index.php\/wp-json\/wp\/v2\/media\/6174"}],"wp:attachment":[{"href":"https:\/\/www.abchukuk.com\/index.php\/wp-json\/wp\/v2\/media?parent=6173"}],"wp:term":[{"taxonomy":"category","embeddable":true,"href":"https:\/\/www.abchukuk.com\/index.php\/wp-json\/wp\/v2\/categories?post=6173"},{"taxonomy":"post_tag","embeddable":true,"href":"https:\/\/www.abchukuk.com\/index.php\/wp-json\/wp\/v2\/tags?post=6173"}],"curies":[{"name":"wp","href":"https:\/\/api.w.org\/{rel}","templated":true}]}}