{"id":6169,"date":"2025-09-23T15:25:34","date_gmt":"2025-09-23T15:25:34","guid":{"rendered":"https:\/\/www.abchukuk.com\/index.php\/2025\/09\/23\/tele1-yoneticilerine-adli-kontrol\/"},"modified":"2025-09-23T15:25:34","modified_gmt":"2025-09-23T15:25:34","slug":"tele1-yoneticilerine-adli-kontrol","status":"publish","type":"post","link":"https:\/\/www.abchukuk.com\/index.php\/2025\/09\/23\/tele1-yoneticilerine-adli-kontrol\/","title":{"rendered":"Tele1 y\u00f6neticilerine adli kontrol"},"content":{"rendered":"<p>Tele1 Genel Yay\u0131n Y\u00f6netmeni Merdan Yanarda\u011f, Sorumlu M\u00fcd\u00fcr\u00fc Ali \u0130hsan Demir ve program moderat\u00f6r\u00fc Musa \u00d6zu\u011furlu hakk\u0131nda, &#8220;cumhurba\u015fkan\u0131na alenen hakaret&#8221; su\u00e7undan ba\u015flat\u0131lan soru\u015fturma kapsam\u0131nda adli kontrol tedbiri uyguland\u0131.Tele1 Genel Yay\u0131n Y\u00f6netmeni Merdan Yanarda\u011f, Sorumlu M\u00fcd\u00fcr\u00fc Ali \u0130hsan Demir ve program moderat\u00f6r\u00fc Musa \u00d6zu\u011furlu hakk\u0131nda, &#8220;cumhurba\u015fkan\u0131na alenen hakaret&#8221; su\u00e7undan ba\u015flat\u0131lan soru\u015fturma kapsam\u0131nda adli kontrol tedbiri uyguland\u0131.\u00a0<a href=\"https:\/\/www.haberturk.com\/tele1-yoneticilerine-adli-kontrol-3824609\" target=\"_blank\" class=\"feedzy-rss-link-icon\">Read More<\/a><\/p>","protected":false},"excerpt":{"rendered":"<p>Tele1 Genel Yay\u0131n Y\u00f6netmeni Merdan Yanarda\u011f, Sorumlu M\u00fcd\u00fcr\u00fc Ali \u0130hsan Demir ve program moderat\u00f6r\u00fc Musa \u00d6zu\u011furlu hakk\u0131nda, &#8220;cumhurba\u015fkan\u0131na alenen hakaret&#8221; su\u00e7undan ba\u015flat\u0131lan soru\u015fturma kapsam\u0131nda adli kontrol tedbiri uyguland\u0131.Tele1 Genel Yay\u0131n Y\u00f6netmeni Merdan Yanarda\u011f, Sorumlu M\u00fcd\u00fcr\u00fc Ali \u0130hsan Demir ve program moderat\u00f6r\u00fc Musa \u00d6zu\u011furlu hakk\u0131nda, &#8220;cumhurba\u015fkan\u0131na alenen hakaret&#8221; su\u00e7undan ba\u015flat\u0131lan soru\u015fturma kapsam\u0131nda adli kontrol tedbiri uyguland\u0131.\u00a0Read [&hellip;]<\/p>\n","protected":false},"author":1,"featured_media":0,"comment_status":"open","ping_status":"open","sticky":false,"template":"","format":"standard","meta":{"footnotes":"","_links_to":"","_links_to_target":""},"categories":[1],"tags":[],"class_list":["post-6169","post","type-post","status-publish","format-standard","hentry","category-haberler"],"_links":{"self":[{"href":"https:\/\/www.abchukuk.com\/index.php\/wp-json\/wp\/v2\/posts\/6169","targetHints":{"allow":["GET"]}}],"collection":[{"href":"https:\/\/www.abchukuk.com\/index.php\/wp-json\/wp\/v2\/posts"}],"about":[{"href":"https:\/\/www.abchukuk.com\/index.php\/wp-json\/wp\/v2\/types\/post"}],"author":[{"embeddable":true,"href":"https:\/\/www.abchukuk.com\/index.php\/wp-json\/wp\/v2\/users\/1"}],"replies":[{"embeddable":true,"href":"https:\/\/www.abchukuk.com\/index.php\/wp-json\/wp\/v2\/comments?post=6169"}],"version-history":[{"count":0,"href":"https:\/\/www.abchukuk.com\/index.php\/wp-json\/wp\/v2\/posts\/6169\/revisions"}],"wp:attachment":[{"href":"https:\/\/www.abchukuk.com\/index.php\/wp-json\/wp\/v2\/media?parent=6169"}],"wp:term":[{"taxonomy":"category","embeddable":true,"href":"https:\/\/www.abchukuk.com\/index.php\/wp-json\/wp\/v2\/categories?post=6169"},{"taxonomy":"post_tag","embeddable":true,"href":"https:\/\/www.abchukuk.com\/index.php\/wp-json\/wp\/v2\/tags?post=6169"}],"curies":[{"name":"wp","href":"https:\/\/api.w.org\/{rel}","templated":true}]}}