{"id":6166,"date":"2025-09-23T21:33:00","date_gmt":"2025-09-23T21:33:00","guid":{"rendered":"https:\/\/www.abchukuk.com\/index.php\/2025\/09\/23\/tunc-soyerin-yargilandigi-kooperatif-davasinda-flas-karar-2\/"},"modified":"2025-09-23T21:33:00","modified_gmt":"2025-09-23T21:33:00","slug":"tunc-soyerin-yargilandigi-kooperatif-davasinda-flas-karar-2","status":"publish","type":"post","link":"https:\/\/www.abchukuk.com\/index.php\/2025\/09\/23\/tunc-soyerin-yargilandigi-kooperatif-davasinda-flas-karar-2\/","title":{"rendered":"Tun\u00e7 Soyer&#8217;in Yarg\u0131land\u0131\u011f\u0131 Kooperatif Davas\u0131nda Fla\u015f Karar"},"content":{"rendered":"<p><a href=\"https:\/\/www.gercekgundem.com\/siyaset\/tunc-soyerin-yargilandigi-kooperatif-davasinda-flas-karar-556687\"><br \/>\n                                                            <img decoding=\"async\" src=\"https:\/\/i.gercekgundem.com\/2\/150\/84\/storage\/files\/images\/2025\/09\/24\/tunc-soyerin-yargilandigi-kooperatif-davasinda-flas-karar-f4i0.png\" width=\"150\" height=\"84\" border=\"0\" align=\"right\" \/><br \/>\n                                                    <\/a><\/p>\n<h4>\u0130zmir\u2019de s\u00fcren Kooperatif davas\u0131nda tutuklu yarg\u0131lanan 11 san\u0131ktan 5\u2019i tahliye edildi. Ancak mahkeme, eski \u0130zmir B\u00fcy\u00fck\u015fehir Belediye Ba\u015fkan\u0131 Tun\u00e7 Soyer ve CHP \u0130zmir \u0130l Ba\u015fkan\u0131 \u015eenol Aslano\u011flu\u2019nun tutukluluk hallerinin devam\u0131na h\u00fckmetti.<\/h4>\n<p>\u0130zmir\u2019de s\u00fcren Kooperatif davas\u0131nda tutuklu yarg\u0131lanan 11 san\u0131ktan 5\u2019i tahliye edildi. Ancak mahkeme, eski \u0130zmir B\u00fcy\u00fck\u015fehir Belediye Ba\u015fkan\u0131 Tun\u00e7 Soyer ve CHP \u0130zmir \u0130l Ba\u015fkan\u0131 \u015eenol Aslano\u011flu\u2019nun tutukluluk hallerinin devam\u0131na h\u00fckmetti.\u00a0<a href=\"https:\/\/www.gercekgundem.com\/siyaset\/tunc-soyerin-yargilandigi-kooperatif-davasinda-flas-karar-556687\" target=\"_blank\" class=\"feedzy-rss-link-icon\">Read More<\/a><\/p>","protected":false},"excerpt":{"rendered":"<p>\u0130zmir\u2019de s\u00fcren Kooperatif davas\u0131nda tutuklu yarg\u0131lanan 11 san\u0131ktan 5\u2019i tahliye edildi. Ancak mahkeme, eski \u0130zmir B\u00fcy\u00fck\u015fehir Belediye Ba\u015fkan\u0131 Tun\u00e7 Soyer ve CHP \u0130zmir \u0130l Ba\u015fkan\u0131 \u015eenol Aslano\u011flu\u2019nun tutukluluk hallerinin devam\u0131na h\u00fckmetti. \u0130zmir\u2019de s\u00fcren Kooperatif davas\u0131nda tutuklu yarg\u0131lanan 11 san\u0131ktan 5\u2019i tahliye edildi. Ancak mahkeme, eski \u0130zmir B\u00fcy\u00fck\u015fehir Belediye Ba\u015fkan\u0131 Tun\u00e7 Soyer ve CHP \u0130zmir \u0130l [&hellip;]<\/p>\n","protected":false},"author":1,"featured_media":6152,"comment_status":"open","ping_status":"open","sticky":false,"template":"","format":"standard","meta":{"footnotes":"","_links_to":"","_links_to_target":""},"categories":[1],"tags":[],"class_list":["post-6166","post","type-post","status-publish","format-standard","has-post-thumbnail","hentry","category-haberler"],"_links":{"self":[{"href":"https:\/\/www.abchukuk.com\/index.php\/wp-json\/wp\/v2\/posts\/6166","targetHints":{"allow":["GET"]}}],"collection":[{"href":"https:\/\/www.abchukuk.com\/index.php\/wp-json\/wp\/v2\/posts"}],"about":[{"href":"https:\/\/www.abchukuk.com\/index.php\/wp-json\/wp\/v2\/types\/post"}],"author":[{"embeddable":true,"href":"https:\/\/www.abchukuk.com\/index.php\/wp-json\/wp\/v2\/users\/1"}],"replies":[{"embeddable":true,"href":"https:\/\/www.abchukuk.com\/index.php\/wp-json\/wp\/v2\/comments?post=6166"}],"version-history":[{"count":0,"href":"https:\/\/www.abchukuk.com\/index.php\/wp-json\/wp\/v2\/posts\/6166\/revisions"}],"wp:featuredmedia":[{"embeddable":true,"href":"https:\/\/www.abchukuk.com\/index.php\/wp-json\/wp\/v2\/media\/6152"}],"wp:attachment":[{"href":"https:\/\/www.abchukuk.com\/index.php\/wp-json\/wp\/v2\/media?parent=6166"}],"wp:term":[{"taxonomy":"category","embeddable":true,"href":"https:\/\/www.abchukuk.com\/index.php\/wp-json\/wp\/v2\/categories?post=6166"},{"taxonomy":"post_tag","embeddable":true,"href":"https:\/\/www.abchukuk.com\/index.php\/wp-json\/wp\/v2\/tags?post=6166"}],"curies":[{"name":"wp","href":"https:\/\/api.w.org\/{rel}","templated":true}]}}