{"id":6153,"date":"2025-09-23T21:21:00","date_gmt":"2025-09-23T21:21:00","guid":{"rendered":"https:\/\/www.abchukuk.com\/index.php\/2025\/09\/23\/son-dakika-kooperatif-davasinda-5-tahliye-tunc-soyerin-tutukluluguna-devam-karari\/"},"modified":"2025-09-23T21:21:00","modified_gmt":"2025-09-23T21:21:00","slug":"son-dakika-kooperatif-davasinda-5-tahliye-tunc-soyerin-tutukluluguna-devam-karari","status":"publish","type":"post","link":"https:\/\/www.abchukuk.com\/index.php\/2025\/09\/23\/son-dakika-kooperatif-davasinda-5-tahliye-tunc-soyerin-tutukluluguna-devam-karari\/","title":{"rendered":"Son Dakika&#8230; &#8216;Kooperatif davas\u0131&#8217;nda 5 tahliye: Tun\u00e7 Soyer&#8217;in tutuklulu\u011funa devam karar\u0131!"},"content":{"rendered":"<p>\u0130zmir&#8217;de devam eden Kooperatif davas\u0131nda tutuklu yarg\u0131lanan 11 san\u0131ktan 5&#8217;i tahliye edildi. Eski \u0130zBB Ba\u015fkan\u0131 Tun\u00e7 Soyer ve CHP \u0130zmir \u0130l Ba\u015fkan\u0131 \u015eenol Aslano\u011flu&#8217;nun tutuklulu\u011funa devam karar\u0131 verildi.\u0130zmir&#8217;de devam eden Kooperatif davas\u0131nda tutuklu yarg\u0131lanan 11 san\u0131ktan 5&#8217;i tahliye edildi. Eski \u0130zBB Ba\u015fkan\u0131 Tun\u00e7 Soyer ve CHP \u0130zmir \u0130l Ba\u015fkan\u0131 \u015eenol Aslano\u011flu&#8217;nun tutuklulu\u011funa devam karar\u0131 verildi.\u00a0<a href=\"https:\/\/www.cumhuriyet.com.tr\/siyaset\/son-dakika-kooperatif-davasi-nda-5-tahliye-tunc-soyer-in-tutukluluguna-devam-karari-2437762\" target=\"_blank\" class=\"feedzy-rss-link-icon\">Read More<\/a><\/p>","protected":false},"excerpt":{"rendered":"<p>\u0130zmir&#8217;de devam eden Kooperatif davas\u0131nda tutuklu yarg\u0131lanan 11 san\u0131ktan 5&#8217;i tahliye edildi. Eski \u0130zBB Ba\u015fkan\u0131 Tun\u00e7 Soyer ve CHP \u0130zmir \u0130l Ba\u015fkan\u0131 \u015eenol Aslano\u011flu&#8217;nun tutuklulu\u011funa devam karar\u0131 verildi.\u0130zmir&#8217;de devam eden Kooperatif davas\u0131nda tutuklu yarg\u0131lanan 11 san\u0131ktan 5&#8217;i tahliye edildi. Eski \u0130zBB Ba\u015fkan\u0131 Tun\u00e7 Soyer ve CHP \u0130zmir \u0130l Ba\u015fkan\u0131 \u015eenol Aslano\u011flu&#8217;nun tutuklulu\u011funa devam karar\u0131 verildi.\u00a0Read [&hellip;]<\/p>\n","protected":false},"author":1,"featured_media":6154,"comment_status":"open","ping_status":"open","sticky":false,"template":"","format":"standard","meta":{"footnotes":"","_links_to":"","_links_to_target":""},"categories":[1],"tags":[],"class_list":["post-6153","post","type-post","status-publish","format-standard","has-post-thumbnail","hentry","category-haberler"],"_links":{"self":[{"href":"https:\/\/www.abchukuk.com\/index.php\/wp-json\/wp\/v2\/posts\/6153","targetHints":{"allow":["GET"]}}],"collection":[{"href":"https:\/\/www.abchukuk.com\/index.php\/wp-json\/wp\/v2\/posts"}],"about":[{"href":"https:\/\/www.abchukuk.com\/index.php\/wp-json\/wp\/v2\/types\/post"}],"author":[{"embeddable":true,"href":"https:\/\/www.abchukuk.com\/index.php\/wp-json\/wp\/v2\/users\/1"}],"replies":[{"embeddable":true,"href":"https:\/\/www.abchukuk.com\/index.php\/wp-json\/wp\/v2\/comments?post=6153"}],"version-history":[{"count":0,"href":"https:\/\/www.abchukuk.com\/index.php\/wp-json\/wp\/v2\/posts\/6153\/revisions"}],"wp:featuredmedia":[{"embeddable":true,"href":"https:\/\/www.abchukuk.com\/index.php\/wp-json\/wp\/v2\/media\/6154"}],"wp:attachment":[{"href":"https:\/\/www.abchukuk.com\/index.php\/wp-json\/wp\/v2\/media?parent=6153"}],"wp:term":[{"taxonomy":"category","embeddable":true,"href":"https:\/\/www.abchukuk.com\/index.php\/wp-json\/wp\/v2\/categories?post=6153"},{"taxonomy":"post_tag","embeddable":true,"href":"https:\/\/www.abchukuk.com\/index.php\/wp-json\/wp\/v2\/tags?post=6153"}],"curies":[{"name":"wp","href":"https:\/\/api.w.org\/{rel}","templated":true}]}}