{"id":6148,"date":"2025-09-23T19:09:08","date_gmt":"2025-09-23T19:09:08","guid":{"rendered":"https:\/\/www.abchukuk.com\/index.php\/2025\/09\/23\/kartalkaya-davasinda-tutuklu-sayisi-artti-gozler-27-ekimde\/"},"modified":"2025-09-23T19:09:08","modified_gmt":"2025-09-23T19:09:08","slug":"kartalkaya-davasinda-tutuklu-sayisi-artti-gozler-27-ekimde","status":"publish","type":"post","link":"https:\/\/www.abchukuk.com\/index.php\/2025\/09\/23\/kartalkaya-davasinda-tutuklu-sayisi-artti-gozler-27-ekimde\/","title":{"rendered":"Kartalkaya Davas\u0131nda Tutuklu Say\u0131s\u0131 Artt\u0131! G\u00f6zler 27 Ekim\u2019de"},"content":{"rendered":"<p><a href=\"https:\/\/www.gercekgundem.com\/guncel\/kartalkaya-davasinda-tutuklu-sayisi-artti-gozler-27-ekimde-556676\"><br \/>\n                                                            <img decoding=\"async\" src=\"https:\/\/i.gercekgundem.com\/2\/150\/84\/storage\/files\/images\/2025\/09\/15\/grand-kartal-oteldeki-yangin-faciasinda-savci-mutalaa-verdi-istenen-cezalar-belli-oldu-dhki.png\" width=\"150\" height=\"84\" border=\"0\" align=\"right\" \/><br \/>\n                                                    <\/a><\/p>\n<h4>Grand Kartal Otel\u2019de 78 ki\u015finin \u00f6ld\u00fc\u011f\u00fc, 133 ki\u015finin yaraland\u0131\u011f\u0131 yang\u0131n facias\u0131na ili\u015fkin davada ikinci duru\u015fma g\u00f6r\u00fcld\u00fc. Mahkeme, Mehmet Salun\u2019un tutuklanmas\u0131na karar verince dosyadaki tutuklu say\u0131s\u0131 20\u2019ye y\u00fckseldi.<\/h4>\n<p>Grand Kartal Otel\u2019de 78 ki\u015finin \u00f6ld\u00fc\u011f\u00fc, 133 ki\u015finin yaraland\u0131\u011f\u0131 yang\u0131n facias\u0131na ili\u015fkin davada ikinci duru\u015fma g\u00f6r\u00fcld\u00fc. Mahkeme, Mehmet Salun\u2019un tutuklanmas\u0131na karar verince dosyadaki tutuklu say\u0131s\u0131 20\u2019ye y\u00fckseldi.\u00a0<a href=\"https:\/\/www.gercekgundem.com\/guncel\/kartalkaya-davasinda-tutuklu-sayisi-artti-gozler-27-ekimde-556676\" target=\"_blank\" class=\"feedzy-rss-link-icon\">Read More<\/a><\/p>","protected":false},"excerpt":{"rendered":"<p>Grand Kartal Otel\u2019de 78 ki\u015finin \u00f6ld\u00fc\u011f\u00fc, 133 ki\u015finin yaraland\u0131\u011f\u0131 yang\u0131n facias\u0131na ili\u015fkin davada ikinci duru\u015fma g\u00f6r\u00fcld\u00fc. Mahkeme, Mehmet Salun\u2019un tutuklanmas\u0131na karar verince dosyadaki tutuklu say\u0131s\u0131 20\u2019ye y\u00fckseldi. Grand Kartal Otel\u2019de 78 ki\u015finin \u00f6ld\u00fc\u011f\u00fc, 133 ki\u015finin yaraland\u0131\u011f\u0131 yang\u0131n facias\u0131na ili\u015fkin davada ikinci duru\u015fma g\u00f6r\u00fcld\u00fc. Mahkeme, Mehmet Salun\u2019un tutuklanmas\u0131na karar verince dosyadaki tutuklu say\u0131s\u0131 20\u2019ye y\u00fckseldi.\u00a0Read More<\/p>\n","protected":false},"author":1,"featured_media":6149,"comment_status":"open","ping_status":"open","sticky":false,"template":"","format":"standard","meta":{"footnotes":"","_links_to":"","_links_to_target":""},"categories":[1],"tags":[],"class_list":["post-6148","post","type-post","status-publish","format-standard","has-post-thumbnail","hentry","category-haberler"],"_links":{"self":[{"href":"https:\/\/www.abchukuk.com\/index.php\/wp-json\/wp\/v2\/posts\/6148","targetHints":{"allow":["GET"]}}],"collection":[{"href":"https:\/\/www.abchukuk.com\/index.php\/wp-json\/wp\/v2\/posts"}],"about":[{"href":"https:\/\/www.abchukuk.com\/index.php\/wp-json\/wp\/v2\/types\/post"}],"author":[{"embeddable":true,"href":"https:\/\/www.abchukuk.com\/index.php\/wp-json\/wp\/v2\/users\/1"}],"replies":[{"embeddable":true,"href":"https:\/\/www.abchukuk.com\/index.php\/wp-json\/wp\/v2\/comments?post=6148"}],"version-history":[{"count":0,"href":"https:\/\/www.abchukuk.com\/index.php\/wp-json\/wp\/v2\/posts\/6148\/revisions"}],"wp:featuredmedia":[{"embeddable":true,"href":"https:\/\/www.abchukuk.com\/index.php\/wp-json\/wp\/v2\/media\/6149"}],"wp:attachment":[{"href":"https:\/\/www.abchukuk.com\/index.php\/wp-json\/wp\/v2\/media?parent=6148"}],"wp:term":[{"taxonomy":"category","embeddable":true,"href":"https:\/\/www.abchukuk.com\/index.php\/wp-json\/wp\/v2\/categories?post=6148"},{"taxonomy":"post_tag","embeddable":true,"href":"https:\/\/www.abchukuk.com\/index.php\/wp-json\/wp\/v2\/tags?post=6148"}],"curies":[{"name":"wp","href":"https:\/\/api.w.org\/{rel}","templated":true}]}}