{"id":6146,"date":"2025-09-23T18:41:00","date_gmt":"2025-09-23T18:41:00","guid":{"rendered":"https:\/\/www.abchukuk.com\/index.php\/2025\/09\/23\/kartalkaya-yangini-davasi-tutuklu-sayisi-20ye-ulasti-bir-sonraki-durusma-27-ekimde\/"},"modified":"2025-09-23T18:41:00","modified_gmt":"2025-09-23T18:41:00","slug":"kartalkaya-yangini-davasi-tutuklu-sayisi-20ye-ulasti-bir-sonraki-durusma-27-ekimde","status":"publish","type":"post","link":"https:\/\/www.abchukuk.com\/index.php\/2025\/09\/23\/kartalkaya-yangini-davasi-tutuklu-sayisi-20ye-ulasti-bir-sonraki-durusma-27-ekimde\/","title":{"rendered":"Kartalkaya yang\u0131n\u0131 davas\u0131&#8230; Tutuklu say\u0131s\u0131 20&#8217;ye ula\u015ft\u0131, bir sonraki duru\u015fma 27 Ekim&#8217;de"},"content":{"rendered":"<p>Bolu Kartalkaya\u2019da bulunan Grand Kartal Otel\u2019de meydana gelen ve 78 ki\u015finin ya\u015fam\u0131n\u0131 yitirdi\u011fi yang\u0131na ili\u015fkin davan\u0131n ikinci duru\u015fmas\u0131nda tutuksuz san\u0131k Mehmet Salun\u2019un tutuklanmas\u0131na karar verildi. Tutuklu say\u0131s\u0131 20\u2019ye y\u00fckseldi. Bir sonraki duru\u015fma 27 Ekim\u2019e ertelendi.Bolu Kartalkaya\u2019da bulunan Grand Kartal Otel\u2019de meydana gelen ve 78 ki\u015finin ya\u015fam\u0131n\u0131 yitirdi\u011fi yang\u0131na ili\u015fkin davan\u0131n ikinci duru\u015fmas\u0131nda tutuksuz san\u0131k Mehmet Salun\u2019un tutuklanmas\u0131na karar verildi. Tutuklu say\u0131s\u0131 20\u2019ye y\u00fckseldi. Bir sonraki duru\u015fma 27 Ekim\u2019e ertelendi.\u00a0<a href=\"https:\/\/www.cumhuriyet.com.tr\/turkiye\/kartalkaya-yangini-davasi-tutuklu-sayisi-20-ye-ulasti-bir-sonraki-durusma-27-ekim-de-2437735\" target=\"_blank\" class=\"feedzy-rss-link-icon\">Read More<\/a><\/p>","protected":false},"excerpt":{"rendered":"<p>Bolu Kartalkaya\u2019da bulunan Grand Kartal Otel\u2019de meydana gelen ve 78 ki\u015finin ya\u015fam\u0131n\u0131 yitirdi\u011fi yang\u0131na ili\u015fkin davan\u0131n ikinci duru\u015fmas\u0131nda tutuksuz san\u0131k Mehmet Salun\u2019un tutuklanmas\u0131na karar verildi. Tutuklu say\u0131s\u0131 20\u2019ye y\u00fckseldi. Bir sonraki duru\u015fma 27 Ekim\u2019e ertelendi.Bolu Kartalkaya\u2019da bulunan Grand Kartal Otel\u2019de meydana gelen ve 78 ki\u015finin ya\u015fam\u0131n\u0131 yitirdi\u011fi yang\u0131na ili\u015fkin davan\u0131n ikinci duru\u015fmas\u0131nda tutuksuz san\u0131k Mehmet [&hellip;]<\/p>\n","protected":false},"author":1,"featured_media":6147,"comment_status":"open","ping_status":"open","sticky":false,"template":"","format":"standard","meta":{"footnotes":"","_links_to":"","_links_to_target":""},"categories":[1],"tags":[],"class_list":["post-6146","post","type-post","status-publish","format-standard","has-post-thumbnail","hentry","category-haberler"],"_links":{"self":[{"href":"https:\/\/www.abchukuk.com\/index.php\/wp-json\/wp\/v2\/posts\/6146","targetHints":{"allow":["GET"]}}],"collection":[{"href":"https:\/\/www.abchukuk.com\/index.php\/wp-json\/wp\/v2\/posts"}],"about":[{"href":"https:\/\/www.abchukuk.com\/index.php\/wp-json\/wp\/v2\/types\/post"}],"author":[{"embeddable":true,"href":"https:\/\/www.abchukuk.com\/index.php\/wp-json\/wp\/v2\/users\/1"}],"replies":[{"embeddable":true,"href":"https:\/\/www.abchukuk.com\/index.php\/wp-json\/wp\/v2\/comments?post=6146"}],"version-history":[{"count":0,"href":"https:\/\/www.abchukuk.com\/index.php\/wp-json\/wp\/v2\/posts\/6146\/revisions"}],"wp:featuredmedia":[{"embeddable":true,"href":"https:\/\/www.abchukuk.com\/index.php\/wp-json\/wp\/v2\/media\/6147"}],"wp:attachment":[{"href":"https:\/\/www.abchukuk.com\/index.php\/wp-json\/wp\/v2\/media?parent=6146"}],"wp:term":[{"taxonomy":"category","embeddable":true,"href":"https:\/\/www.abchukuk.com\/index.php\/wp-json\/wp\/v2\/categories?post=6146"},{"taxonomy":"post_tag","embeddable":true,"href":"https:\/\/www.abchukuk.com\/index.php\/wp-json\/wp\/v2\/tags?post=6146"}],"curies":[{"name":"wp","href":"https:\/\/api.w.org\/{rel}","templated":true}]}}