{"id":6143,"date":"2025-09-23T16:04:23","date_gmt":"2025-09-23T16:04:23","guid":{"rendered":"https:\/\/www.abchukuk.com\/index.php\/2025\/09\/23\/yargitaydan-dikkat-ceken-soyisim-karari-cocuga-verilemeyecek\/"},"modified":"2025-09-23T16:04:23","modified_gmt":"2025-09-23T16:04:23","slug":"yargitaydan-dikkat-ceken-soyisim-karari-cocuga-verilemeyecek","status":"publish","type":"post","link":"https:\/\/www.abchukuk.com\/index.php\/2025\/09\/23\/yargitaydan-dikkat-ceken-soyisim-karari-cocuga-verilemeyecek\/","title":{"rendered":"Yarg\u0131tay&#8217;dan Dikkat \u00c7eken &#8216;Soyisim&#8217; Karar\u0131: \u00c7ocu\u011fa Verilemeyecek"},"content":{"rendered":"<p><a href=\"https:\/\/www.gercekgundem.com\/guncel\/yargitaydan-dikkat-ceken-soyisim-karari-cocuga-verilemeyecek-556664\"><br \/>\n                                                            <img decoding=\"async\" src=\"https:\/\/i.gercekgundem.com\/2\/150\/84\/storage\/files\/images\/2025\/09\/23\/yargitaydan-dikkat-ceken-soyisim-karari-cocuga-verilemeyecek-bw1r.png\" width=\"150\" height=\"84\" border=\"0\" align=\"right\" \/><br \/>\n                                                    <\/a><\/p>\n<h4>Yarg\u0131tay, \u015finden bo\u015fanan kad\u0131n\u0131n, \u00e7ocu\u011funun soyad\u0131n\u0131n yeni evlendi\u011fi ki\u015finin soyad\u0131yla de\u011fi\u015ftirilmesi y\u00f6n\u00fcndeki mahkeme karar\u0131n\u0131 bozdu.<\/h4>\n<p>Yarg\u0131tay, \u015finden bo\u015fanan kad\u0131n\u0131n, \u00e7ocu\u011funun soyad\u0131n\u0131n yeni evlendi\u011fi ki\u015finin soyad\u0131yla de\u011fi\u015ftirilmesi y\u00f6n\u00fcndeki mahkeme karar\u0131n\u0131 bozdu.\u00a0<a href=\"https:\/\/www.gercekgundem.com\/guncel\/yargitaydan-dikkat-ceken-soyisim-karari-cocuga-verilemeyecek-556664\" target=\"_blank\" class=\"feedzy-rss-link-icon\">Read More<\/a><\/p>","protected":false},"excerpt":{"rendered":"<p>Yarg\u0131tay, \u015finden bo\u015fanan kad\u0131n\u0131n, \u00e7ocu\u011funun soyad\u0131n\u0131n yeni evlendi\u011fi ki\u015finin soyad\u0131yla de\u011fi\u015ftirilmesi y\u00f6n\u00fcndeki mahkeme karar\u0131n\u0131 bozdu. Yarg\u0131tay, \u015finden bo\u015fanan kad\u0131n\u0131n, \u00e7ocu\u011funun soyad\u0131n\u0131n yeni evlendi\u011fi ki\u015finin soyad\u0131yla de\u011fi\u015ftirilmesi y\u00f6n\u00fcndeki mahkeme karar\u0131n\u0131 bozdu.\u00a0Read More<\/p>\n","protected":false},"author":1,"featured_media":6144,"comment_status":"open","ping_status":"open","sticky":false,"template":"","format":"standard","meta":{"footnotes":"","_links_to":"","_links_to_target":""},"categories":[1],"tags":[],"class_list":["post-6143","post","type-post","status-publish","format-standard","has-post-thumbnail","hentry","category-haberler"],"_links":{"self":[{"href":"https:\/\/www.abchukuk.com\/index.php\/wp-json\/wp\/v2\/posts\/6143","targetHints":{"allow":["GET"]}}],"collection":[{"href":"https:\/\/www.abchukuk.com\/index.php\/wp-json\/wp\/v2\/posts"}],"about":[{"href":"https:\/\/www.abchukuk.com\/index.php\/wp-json\/wp\/v2\/types\/post"}],"author":[{"embeddable":true,"href":"https:\/\/www.abchukuk.com\/index.php\/wp-json\/wp\/v2\/users\/1"}],"replies":[{"embeddable":true,"href":"https:\/\/www.abchukuk.com\/index.php\/wp-json\/wp\/v2\/comments?post=6143"}],"version-history":[{"count":0,"href":"https:\/\/www.abchukuk.com\/index.php\/wp-json\/wp\/v2\/posts\/6143\/revisions"}],"wp:featuredmedia":[{"embeddable":true,"href":"https:\/\/www.abchukuk.com\/index.php\/wp-json\/wp\/v2\/media\/6144"}],"wp:attachment":[{"href":"https:\/\/www.abchukuk.com\/index.php\/wp-json\/wp\/v2\/media?parent=6143"}],"wp:term":[{"taxonomy":"category","embeddable":true,"href":"https:\/\/www.abchukuk.com\/index.php\/wp-json\/wp\/v2\/categories?post=6143"},{"taxonomy":"post_tag","embeddable":true,"href":"https:\/\/www.abchukuk.com\/index.php\/wp-json\/wp\/v2\/tags?post=6143"}],"curies":[{"name":"wp","href":"https:\/\/api.w.org\/{rel}","templated":true}]}}