{"id":6134,"date":"2025-09-23T13:56:22","date_gmt":"2025-09-23T13:56:22","guid":{"rendered":"https:\/\/www.abchukuk.com\/index.php\/2025\/09\/23\/izmirde-13-yil-hapis-cezasiyla-aranan-hirsiz-yakalandi\/"},"modified":"2025-09-23T13:56:22","modified_gmt":"2025-09-23T13:56:22","slug":"izmirde-13-yil-hapis-cezasiyla-aranan-hirsiz-yakalandi","status":"publish","type":"post","link":"https:\/\/www.abchukuk.com\/index.php\/2025\/09\/23\/izmirde-13-yil-hapis-cezasiyla-aranan-hirsiz-yakalandi\/","title":{"rendered":"\u0130zmir\u2019de 13 Y\u0131l Hapis Cezas\u0131yla Aranan H\u0131rs\u0131z Yakaland\u0131"},"content":{"rendered":"<p><a href=\"https:\/\/www.gercekgundem.com\/guncel\/izmirde-13-yil-hapis-cezasiyla-aranan-hirsiz-yakalandi-556637\"><br \/>\n                                                            <img decoding=\"async\" src=\"https:\/\/i.gercekgundem.com\/2\/150\/84\/storage\/files\/images\/2025\/09\/23\/izmirde-13-yil-hapis-cezasiyla-aranan-hirsiz-yakalandi-lud8.jpg\" width=\"150\" height=\"84\" border=\"0\" align=\"right\" \/><br \/>\n                                                    <\/a><\/p>\n<h4>\u0130zmir\u2019in Konak il\u00e7esinde hakk\u0131nda kesinle\u015fmi\u015f hapis cezas\u0131 bulunan bir firari, polis ekiplerinin dikkati sayesinde yakaland\u0131.<\/h4>\n<p>\u0130zmir\u2019in Konak il\u00e7esinde hakk\u0131nda kesinle\u015fmi\u015f hapis cezas\u0131 bulunan bir firari, polis ekiplerinin dikkati sayesinde yakaland\u0131.\u00a0<a href=\"https:\/\/www.gercekgundem.com\/guncel\/izmirde-13-yil-hapis-cezasiyla-aranan-hirsiz-yakalandi-556637\" target=\"_blank\" class=\"feedzy-rss-link-icon\">Read More<\/a><\/p>","protected":false},"excerpt":{"rendered":"<p>\u0130zmir\u2019in Konak il\u00e7esinde hakk\u0131nda kesinle\u015fmi\u015f hapis cezas\u0131 bulunan bir firari, polis ekiplerinin dikkati sayesinde yakaland\u0131. \u0130zmir\u2019in Konak il\u00e7esinde hakk\u0131nda kesinle\u015fmi\u015f hapis cezas\u0131 bulunan bir firari, polis ekiplerinin dikkati sayesinde yakaland\u0131.\u00a0Read More<\/p>\n","protected":false},"author":1,"featured_media":6135,"comment_status":"open","ping_status":"open","sticky":false,"template":"","format":"standard","meta":{"footnotes":"","_links_to":"","_links_to_target":""},"categories":[1],"tags":[],"class_list":["post-6134","post","type-post","status-publish","format-standard","has-post-thumbnail","hentry","category-haberler"],"_links":{"self":[{"href":"https:\/\/www.abchukuk.com\/index.php\/wp-json\/wp\/v2\/posts\/6134","targetHints":{"allow":["GET"]}}],"collection":[{"href":"https:\/\/www.abchukuk.com\/index.php\/wp-json\/wp\/v2\/posts"}],"about":[{"href":"https:\/\/www.abchukuk.com\/index.php\/wp-json\/wp\/v2\/types\/post"}],"author":[{"embeddable":true,"href":"https:\/\/www.abchukuk.com\/index.php\/wp-json\/wp\/v2\/users\/1"}],"replies":[{"embeddable":true,"href":"https:\/\/www.abchukuk.com\/index.php\/wp-json\/wp\/v2\/comments?post=6134"}],"version-history":[{"count":0,"href":"https:\/\/www.abchukuk.com\/index.php\/wp-json\/wp\/v2\/posts\/6134\/revisions"}],"wp:featuredmedia":[{"embeddable":true,"href":"https:\/\/www.abchukuk.com\/index.php\/wp-json\/wp\/v2\/media\/6135"}],"wp:attachment":[{"href":"https:\/\/www.abchukuk.com\/index.php\/wp-json\/wp\/v2\/media?parent=6134"}],"wp:term":[{"taxonomy":"category","embeddable":true,"href":"https:\/\/www.abchukuk.com\/index.php\/wp-json\/wp\/v2\/categories?post=6134"},{"taxonomy":"post_tag","embeddable":true,"href":"https:\/\/www.abchukuk.com\/index.php\/wp-json\/wp\/v2\/tags?post=6134"}],"curies":[{"name":"wp","href":"https:\/\/api.w.org\/{rel}","templated":true}]}}