{"id":6132,"date":"2025-09-23T14:06:00","date_gmt":"2025-09-23T14:06:00","guid":{"rendered":"https:\/\/www.abchukuk.com\/index.php\/2025\/09\/23\/tele1e-kj-sorusturmasi-merdan-yanardag-ihsan-demir-ve-musa-ozugurluya-adli-kontrol-ve-yurt-disina-cikis-yasagi\/"},"modified":"2025-09-23T14:06:00","modified_gmt":"2025-09-23T14:06:00","slug":"tele1e-kj-sorusturmasi-merdan-yanardag-ihsan-demir-ve-musa-ozugurluya-adli-kontrol-ve-yurt-disina-cikis-yasagi","status":"publish","type":"post","link":"https:\/\/www.abchukuk.com\/index.php\/2025\/09\/23\/tele1e-kj-sorusturmasi-merdan-yanardag-ihsan-demir-ve-musa-ozugurluya-adli-kontrol-ve-yurt-disina-cikis-yasagi\/","title":{"rendered":"Tele1&#8217;e &#8216;KJ&#8217; soru\u015fturmas\u0131: Merdan Yanarda\u011f, \u0130hsan Demir ve Musa \u00d6zu\u011furlu&#8217;ya adli kontrol ve yurt d\u0131\u015f\u0131na \u00e7\u0131k\u0131\u015f yasa\u011f\u0131!"},"content":{"rendered":"<p>Son dakika haberi&#8230; Tele1 Genel Yay\u0131n Y\u00f6netmeni Merdan Yanarda\u011f, Sorumlu M\u00fcd\u00fcr \u0130hsan Demir ve program moderat\u00f6r\u00fc Musa \u00d6zu\u011furlu adli kontrol ve yurt d\u0131\u015f\u0131 yasa\u011f\u0131 ile serbest b\u0131rak\u0131ld\u0131.Son dakika haberi&#8230; Tele1 Genel Yay\u0131n Y\u00f6netmeni Merdan Yanarda\u011f, Sorumlu M\u00fcd\u00fcr \u0130hsan Demir ve program moderat\u00f6r\u00fc Musa \u00d6zu\u011furlu adli kontrol ve yurt d\u0131\u015f\u0131 yasa\u011f\u0131 ile serbest b\u0131rak\u0131ld\u0131.\u00a0<a href=\"https:\/\/www.cumhuriyet.com.tr\/siyaset\/tele1-e-kj-sorusturmasi-merdan-yanardag-ihsan-demir-ve-musa-ozugurlu-ya-adli-kontrol-ve-yurt-disina-cikis-yasagi-2437690\" target=\"_blank\" class=\"feedzy-rss-link-icon\">Read More<\/a><\/p>","protected":false},"excerpt":{"rendered":"<p>Son dakika haberi&#8230; Tele1 Genel Yay\u0131n Y\u00f6netmeni Merdan Yanarda\u011f, Sorumlu M\u00fcd\u00fcr \u0130hsan Demir ve program moderat\u00f6r\u00fc Musa \u00d6zu\u011furlu adli kontrol ve yurt d\u0131\u015f\u0131 yasa\u011f\u0131 ile serbest b\u0131rak\u0131ld\u0131.Son dakika haberi&#8230; Tele1 Genel Yay\u0131n Y\u00f6netmeni Merdan Yanarda\u011f, Sorumlu M\u00fcd\u00fcr \u0130hsan Demir ve program moderat\u00f6r\u00fc Musa \u00d6zu\u011furlu adli kontrol ve yurt d\u0131\u015f\u0131 yasa\u011f\u0131 ile serbest b\u0131rak\u0131ld\u0131.\u00a0Read More<\/p>\n","protected":false},"author":1,"featured_media":6133,"comment_status":"open","ping_status":"open","sticky":false,"template":"","format":"standard","meta":{"footnotes":"","_links_to":"","_links_to_target":""},"categories":[1],"tags":[],"class_list":["post-6132","post","type-post","status-publish","format-standard","has-post-thumbnail","hentry","category-haberler"],"_links":{"self":[{"href":"https:\/\/www.abchukuk.com\/index.php\/wp-json\/wp\/v2\/posts\/6132","targetHints":{"allow":["GET"]}}],"collection":[{"href":"https:\/\/www.abchukuk.com\/index.php\/wp-json\/wp\/v2\/posts"}],"about":[{"href":"https:\/\/www.abchukuk.com\/index.php\/wp-json\/wp\/v2\/types\/post"}],"author":[{"embeddable":true,"href":"https:\/\/www.abchukuk.com\/index.php\/wp-json\/wp\/v2\/users\/1"}],"replies":[{"embeddable":true,"href":"https:\/\/www.abchukuk.com\/index.php\/wp-json\/wp\/v2\/comments?post=6132"}],"version-history":[{"count":0,"href":"https:\/\/www.abchukuk.com\/index.php\/wp-json\/wp\/v2\/posts\/6132\/revisions"}],"wp:featuredmedia":[{"embeddable":true,"href":"https:\/\/www.abchukuk.com\/index.php\/wp-json\/wp\/v2\/media\/6133"}],"wp:attachment":[{"href":"https:\/\/www.abchukuk.com\/index.php\/wp-json\/wp\/v2\/media?parent=6132"}],"wp:term":[{"taxonomy":"category","embeddable":true,"href":"https:\/\/www.abchukuk.com\/index.php\/wp-json\/wp\/v2\/categories?post=6132"},{"taxonomy":"post_tag","embeddable":true,"href":"https:\/\/www.abchukuk.com\/index.php\/wp-json\/wp\/v2\/tags?post=6132"}],"curies":[{"name":"wp","href":"https:\/\/api.w.org\/{rel}","templated":true}]}}